{"id":68366,"date":"2015-03-26T15:33:42","date_gmt":"2015-03-26T18:33:42","guid":{"rendered":"http:\/\/www.redenoticia.com.br\/noticia\/?p=68366"},"modified":"2015-03-26T15:33:42","modified_gmt":"2015-03-26T18:33:42","slug":"confianca-da-construcao-atinge-menor-patamar-desde-2010-mostra-fgv","status":"publish","type":"post","link":"https:\/\/www.redenoticia.com.br\/noticia\/2015\/confianca-da-construcao-atinge-menor-patamar-desde-2010-mostra-fgv\/68366","title":{"rendered":"Confian\u00e7a da constru\u00e7\u00e3o atinge menor patamar desde 2010, mostra FGV"},"content":{"rendered":"<p> O <strong><em>\u00cdndice de Confian\u00e7a da Constru\u00e7\u00e3o<\/em><\/strong> recuou 8% em mar\u00e7o, na compara\u00e7\u00e3o com fevereiro, atingindo 76,3 pontos, de acordo com a Funda\u00e7\u00e3o Getulio Vargas (FGV). Essa \u00e9 a quarta queda consecutiva e o menor n\u00edvel j\u00e1 registrado pela s\u00e9rie, que teve in\u00edcio em 2010.<\/p>\n<p>As expectativas de curto prazo apresentaram queda de 7,3%. No m\u00eas anterior foi registrado 4,7%. O \u00cdndice da Situa\u00e7\u00e3o Atual caiu 8,9% no m\u00eas. Em fevereiro, a queda foi 9,9%. Os \u00edndices chegaram aos menores n\u00edveis da s\u00e9rie.<\/p>\n<p>O item que mede as expectativas em rela\u00e7\u00e3o \u00e0 evolu\u00e7\u00e3o da demanda nos tr\u00eas meses seguintes passou de 88,4 pontos para 83,8 pontos no mesmo per\u00edodo,  representando uma queda de 5,2%.<\/p>\n<p>Ana Maria Castelo, coordenadora de Projetos da Constru\u00e7\u00e3o da FGV, avalia que o n\u00edvel de atividade do setor est\u00e1 caindo rapidamente. \u201cO elemento inesperado est\u00e1 vindo do segmento de infraestrutura, porque, nesse caso, as dificuldades n\u00e3o est\u00e3o relacionadas ao t\u00e9rmino de obras como no setor imobili\u00e1rio, mas \u00e0s obras que est\u00e3o sendo paralisadas independentemente do est\u00e1gio, o que tende a gerar um impacto ainda mais forte. E a percep\u00e7\u00e3o dos empres\u00e1rios \u00e9 de que esse quadro tende a se agravar nos pr\u00f3ximos meses.\u201d<\/p>\n<p>Fernanda Cruz &#8211; Rep\u00f3rter da Ag\u00eancia Brasil<br \/>\nEdi\u00e7\u00e3o: Val\u00e9ria Aguiar<\/p>\n","protected":false},"excerpt":{"rendered":"<p>O \u00cdndice de Confian\u00e7a da Constru\u00e7\u00e3o recuou 8% em mar\u00e7o, na compara\u00e7\u00e3o com fevereiro, atingindo 76,3 pontos, de acordo com a Funda\u00e7\u00e3o Getulio Vargas (FGV). Essa \u00e9 a quarta queda consecutiva e o menor n\u00edvel j\u00e1 registrado pela s\u00e9rie, que teve in\u00edcio em 2010. As expectativas de curto prazo apresentaram queda de 7,3%. No m\u00eas [&hellip;]<\/p>\n","protected":false},"author":2,"featured_media":57585,"comment_status":"open","ping_status":"closed","sticky":false,"template":"","format":"standard","meta":{"_genesis_hide_title":false,"_genesis_hide_breadcrumbs":false,"_genesis_hide_singular_image":false,"_genesis_hide_footer_widgets":false,"_genesis_custom_body_class":"","_genesis_custom_post_class":"","_genesis_layout":"","_jetpack_memberships_contains_paid_content":false,"footnotes":""},"categories":[22,7],"tags":[],"class_list":{"0":"post-68366","1":"post","2":"type-post","3":"status-publish","4":"format-standard","5":"has-post-thumbnail","7":"category-brasil","8":"category-economia","9":"entry","10":"gs-1","11":"gs-odd","12":"gs-even","13":"gs-featured-content-entry"},"jetpack_featured_media_url":"https:\/\/www.redenoticia.com.br\/noticia\/imagens\/analise-economia.jpg","jetpack_sharing_enabled":true,"jetpack_likes_enabled":true,"_links":{"self":[{"href":"https:\/\/www.redenoticia.com.br\/noticia\/wp-json\/wp\/v2\/posts\/68366","targetHints":{"allow":["GET"]}}],"collection":[{"href":"https:\/\/www.redenoticia.com.br\/noticia\/wp-json\/wp\/v2\/posts"}],"about":[{"href":"https:\/\/www.redenoticia.com.br\/noticia\/wp-json\/wp\/v2\/types\/post"}],"author":[{"embeddable":true,"href":"https:\/\/www.redenoticia.com.br\/noticia\/wp-json\/wp\/v2\/users\/2"}],"replies":[{"embeddable":true,"href":"https:\/\/www.redenoticia.com.br\/noticia\/wp-json\/wp\/v2\/comments?post=68366"}],"version-history":[{"count":0,"href":"https:\/\/www.redenoticia.com.br\/noticia\/wp-json\/wp\/v2\/posts\/68366\/revisions"}],"wp:featuredmedia":[{"embeddable":true,"href":"https:\/\/www.redenoticia.com.br\/noticia\/wp-json\/wp\/v2\/media\/57585"}],"wp:attachment":[{"href":"https:\/\/www.redenoticia.com.br\/noticia\/wp-json\/wp\/v2\/media?parent=68366"}],"wp:term":[{"taxonomy":"category","embeddable":true,"href":"https:\/\/www.redenoticia.com.br\/noticia\/wp-json\/wp\/v2\/categories?post=68366"},{"taxonomy":"post_tag","embeddable":true,"href":"https:\/\/www.redenoticia.com.br\/noticia\/wp-json\/wp\/v2\/tags?post=68366"}],"curies":[{"name":"wp","href":"https:\/\/api.w.org\/{rel}","templated":true}]}}