{"id":68327,"date":"2015-03-25T17:28:25","date_gmt":"2015-03-25T20:28:25","guid":{"rendered":"http:\/\/www.redenoticia.com.br\/noticia\/?p=68327"},"modified":"2015-03-25T17:28:25","modified_gmt":"2015-03-25T20:28:25","slug":"juros-para-pessoas-fisicas-sao-os-maiores-desde-marco-de-2011","status":"publish","type":"post","link":"https:\/\/www.redenoticia.com.br\/noticia\/2015\/juros-para-pessoas-fisicas-sao-os-maiores-desde-marco-de-2011\/68327","title":{"rendered":"Juros para pessoas f\u00edsicas s\u00e3o os maiores desde mar\u00e7o de 2011"},"content":{"rendered":"<p> Os <strong><em>juros para pessoas f\u00edsicas<\/em><\/strong> pesaram no bolso dos consumidores em fevereiro. De acordo com dados divulgados pelo Banco Central (BC), a taxa m\u00e9dia de juros com recursos livres \u2013 os que podem ser aplicados livremente pelos bancos \u2013 ficou em 54,3% ao ano no \u00faltimo m\u00eas. O valor \u00e9 o maior desde mar\u00e7o de 2011, in\u00edcio da s\u00e9rie hist\u00f3rica do BC.<\/p>\n<p> A taxa superou a de janeiro, que at\u00e9 ent\u00e3o era recorde. Ela aumentou 2,3 pontos percentuais na compara\u00e7\u00e3o com o primeiro m\u00eas do ano e 6,4 pontos percentuais em 12 meses. Boa parte do aumento dos juros ocorreu devido ao cheque especial, cuja taxa m\u00e9dia anual chegou a 214,2% ao ano em fevereiro. O valor \u00e9 o maior desde mar\u00e7o de 1996, quando a taxa havia ficado em 217,71% ao ano.<\/p>\n<p>Os juros do cart\u00e3o de cr\u00e9dito tamb\u00e9m contribu\u00edram para o resultado. As taxas ficaram em 78,7% ao ano no m\u00eas passado, os maiores desde abril de 2011. Eles cresceram 7,8 pontos percentuais em rela\u00e7\u00e3o a janeiro e 7 pontos percentuais em 12 meses. O c\u00e1lculo dos juros do cart\u00e3o leva em conta as taxas para o cr\u00e9dito rotativo e o cr\u00e9dito parcelado. As primeiras ficaram em 342,2% ao ano, o maior valor desde o in\u00edcio da s\u00e9rie hist\u00f3rica em mar\u00e7o de 2011. As taxas do cart\u00e3o parcelado foram 112,6% ao ano, o maior valor desde outubro de 2012.<\/p>\n<p>A inadimpl\u00eancia com recursos livres para pessoas f\u00edsicas e jur\u00eddicas ficou em 4,4% em fevereiro, est\u00e1vel tanto em rela\u00e7\u00e3o a janeiro quanto na compara\u00e7\u00e3o com o mesmo m\u00eas do ano passado.<\/p>\n<p>Mariana Branco \u2014 Rep\u00f3rter da Ag\u00eancia Brasil<br \/>\nEdi\u00e7\u00e3o: Denise Griesinger<\/p>\n","protected":false},"excerpt":{"rendered":"<p>Os juros para pessoas f\u00edsicas pesaram no bolso dos consumidores em fevereiro. De acordo com dados divulgados pelo Banco Central (BC), a taxa m\u00e9dia de juros com recursos livres \u2013 os que podem ser aplicados livremente pelos bancos \u2013 ficou em 54,3% ao ano no \u00faltimo m\u00eas. O valor \u00e9 o maior desde mar\u00e7o de [&hellip;]<\/p>\n","protected":false},"author":2,"featured_media":57584,"comment_status":"open","ping_status":"closed","sticky":false,"template":"","format":"standard","meta":{"_genesis_hide_title":false,"_genesis_hide_breadcrumbs":false,"_genesis_hide_singular_image":false,"_genesis_hide_footer_widgets":false,"_genesis_custom_body_class":"","_genesis_custom_post_class":"","_genesis_layout":"","_jetpack_memberships_contains_paid_content":false,"footnotes":""},"categories":[22,7],"tags":[],"class_list":{"0":"post-68327","1":"post","2":"type-post","3":"status-publish","4":"format-standard","5":"has-post-thumbnail","7":"category-brasil","8":"category-economia","9":"entry","10":"gs-1","11":"gs-odd","12":"gs-even","13":"gs-featured-content-entry"},"jetpack_featured_media_url":"https:\/\/www.redenoticia.com.br\/noticia\/imagens\/economia-grafica-analise-inflacao.jpg","jetpack_sharing_enabled":true,"jetpack_likes_enabled":true,"_links":{"self":[{"href":"https:\/\/www.redenoticia.com.br\/noticia\/wp-json\/wp\/v2\/posts\/68327","targetHints":{"allow":["GET"]}}],"collection":[{"href":"https:\/\/www.redenoticia.com.br\/noticia\/wp-json\/wp\/v2\/posts"}],"about":[{"href":"https:\/\/www.redenoticia.com.br\/noticia\/wp-json\/wp\/v2\/types\/post"}],"author":[{"embeddable":true,"href":"https:\/\/www.redenoticia.com.br\/noticia\/wp-json\/wp\/v2\/users\/2"}],"replies":[{"embeddable":true,"href":"https:\/\/www.redenoticia.com.br\/noticia\/wp-json\/wp\/v2\/comments?post=68327"}],"version-history":[{"count":0,"href":"https:\/\/www.redenoticia.com.br\/noticia\/wp-json\/wp\/v2\/posts\/68327\/revisions"}],"wp:featuredmedia":[{"embeddable":true,"href":"https:\/\/www.redenoticia.com.br\/noticia\/wp-json\/wp\/v2\/media\/57584"}],"wp:attachment":[{"href":"https:\/\/www.redenoticia.com.br\/noticia\/wp-json\/wp\/v2\/media?parent=68327"}],"wp:term":[{"taxonomy":"category","embeddable":true,"href":"https:\/\/www.redenoticia.com.br\/noticia\/wp-json\/wp\/v2\/categories?post=68327"},{"taxonomy":"post_tag","embeddable":true,"href":"https:\/\/www.redenoticia.com.br\/noticia\/wp-json\/wp\/v2\/tags?post=68327"}],"curies":[{"name":"wp","href":"https:\/\/api.w.org\/{rel}","templated":true}]}}