{"id":68325,"date":"2015-03-25T17:24:41","date_gmt":"2015-03-25T20:24:41","guid":{"rendered":"http:\/\/www.redenoticia.com.br\/noticia\/?p=68325"},"modified":"2015-03-25T17:24:41","modified_gmt":"2015-03-25T20:24:41","slug":"setor-da-construcao-fecha-mais-de-30-mil-postos-de-trabalho-em-todo-o-pais","status":"publish","type":"post","link":"https:\/\/www.redenoticia.com.br\/noticia\/2015\/setor-da-construcao-fecha-mais-de-30-mil-postos-de-trabalho-em-todo-o-pais\/68325","title":{"rendered":"Setor da constru\u00e7\u00e3o fecha mais de 30 mil postos de trabalho em todo o pa\u00eds"},"content":{"rendered":"<p> O <strong><em>n\u00edvel de emprego no setor da constru\u00e7\u00e3o civil<\/em><\/strong> brasileira recuou 0,94% em fevereiro, em rela\u00e7\u00e3o a janeiro, com o corte de 30,9 mil postos de trabalho. No mesmo m\u00eas, em 2014, houve queda de 7,82%, com o fechamento de 278.137 postos. Os dados s\u00e3o da pesquisa mensal do Sindicato da Ind\u00fastria da Constru\u00e7\u00e3o Civil do Estado de S\u00e3o Paulo (SindusCon-SP) em parceria com a Funda\u00e7\u00e3o Getulio Vargas (FGV).<\/p>\n<p>No fim de fevereiro, a base de trabalhadores estava em 3,276 milh\u00f5es de pessoas. Em nota, o presidente do SindusCon-SP, Jos\u00e9 Romeu Ferraz Neto, alertou que o desemprego pode crescer ainda mais. \u201cA queda do emprego na constru\u00e7\u00e3o est\u00e1 ocorrendo em uma dimens\u00e3o preocupante em todos os segmentos do setor, que representa 50% dos investimentos do pa\u00eds.\u201d<\/p>\n<p> Para interromper esse processo, segundo o executivo, \u00e9 necess\u00e1ria a retomada dos investimentos em infraestrutura e em obras imobili\u00e1rias, com mais recursos para o Programa Minha Casa, Minha Vida. Ele defendeu a revis\u00e3o do fim da desonera\u00e7\u00e3o da folha de pagamentos na \u00e1rea de constru\u00e7\u00e3o.<\/p>\n<p>A Regi\u00e3o Sudeste apresentou o maior n\u00famero de empregos suprimidos (12.813), com queda de 0,78% em compara\u00e7\u00e3o a janeiro. A queda mais expressiva foi constatada no Norte (-2,24%), com o corte de 4.628 vagas.<\/p>\n<p>No Nordeste, o saldo entre demiss\u00f5es e contrata\u00e7\u00f5es foi negativo em 1,56%, com a elimina\u00e7\u00e3o de 11.122 empregos; no Sul, ocorreu o corte de 947 vagas (-0,19%) e no Centro-Oeste, de 1.452 (-0,58%).<\/p>\n<p>No estado de S\u00e3o Paulo, o \u00edndice ficou negativo em 0,62%, com um corte de 5,2 mil vagas. Em rela\u00e7\u00e3o a fevereiro do ano passado, foi constatada queda de 6,08%, com o fechamento de 54.316 postos de trabalho. O n\u00famero de empregados na constru\u00e7\u00e3o civil estadual estava em 839,2 mil pessoas no fim de fevereiro.<\/p>\n<p>As regi\u00f5es onde houve aumentos foram as de Ribeir\u00e3o Preto, com a cria\u00e7\u00e3o de 287 novos postos e alta de 0,53% sobre janeiro, e Santos, com a gera\u00e7\u00e3o de 170 vagas, o que \u00e9 0,55% maior do que no m\u00eas anterior. Na capital paulista, o saldo foi 0,72 inferior a janeiro, com a redu\u00e7\u00e3o de 2.806 trabalhadores.<\/p>\n<p>Marli Moreira &#8211; Rep\u00f3rter da Ag\u00eancia Brasil<br \/>\nEdi\u00e7\u00e3o: Val\u00e9ria Aguiar<\/p>\n","protected":false},"excerpt":{"rendered":"<p>O n\u00edvel de emprego no setor da constru\u00e7\u00e3o civil brasileira recuou 0,94% em fevereiro, em rela\u00e7\u00e3o a janeiro, com o corte de 30,9 mil postos de trabalho. No mesmo m\u00eas, em 2014, houve queda de 7,82%, com o fechamento de 278.137 postos. Os dados s\u00e3o da pesquisa mensal do Sindicato da Ind\u00fastria da Constru\u00e7\u00e3o Civil [&hellip;]<\/p>\n","protected":false},"author":2,"featured_media":38940,"comment_status":"open","ping_status":"closed","sticky":false,"template":"","format":"standard","meta":{"_genesis_hide_title":false,"_genesis_hide_breadcrumbs":false,"_genesis_hide_singular_image":false,"_genesis_hide_footer_widgets":false,"_genesis_custom_body_class":"","_genesis_custom_post_class":"","_genesis_layout":"","_jetpack_memberships_contains_paid_content":false,"footnotes":""},"categories":[22,7],"tags":[],"class_list":{"0":"post-68325","1":"post","2":"type-post","3":"status-publish","4":"format-standard","5":"has-post-thumbnail","7":"category-brasil","8":"category-economia","9":"entry","10":"gs-1","11":"gs-odd","12":"gs-even","13":"gs-featured-content-entry"},"jetpack_featured_media_url":"https:\/\/www.redenoticia.com.br\/noticia\/imagens\/grafico.jpg","jetpack_sharing_enabled":true,"jetpack_likes_enabled":true,"_links":{"self":[{"href":"https:\/\/www.redenoticia.com.br\/noticia\/wp-json\/wp\/v2\/posts\/68325","targetHints":{"allow":["GET"]}}],"collection":[{"href":"https:\/\/www.redenoticia.com.br\/noticia\/wp-json\/wp\/v2\/posts"}],"about":[{"href":"https:\/\/www.redenoticia.com.br\/noticia\/wp-json\/wp\/v2\/types\/post"}],"author":[{"embeddable":true,"href":"https:\/\/www.redenoticia.com.br\/noticia\/wp-json\/wp\/v2\/users\/2"}],"replies":[{"embeddable":true,"href":"https:\/\/www.redenoticia.com.br\/noticia\/wp-json\/wp\/v2\/comments?post=68325"}],"version-history":[{"count":0,"href":"https:\/\/www.redenoticia.com.br\/noticia\/wp-json\/wp\/v2\/posts\/68325\/revisions"}],"wp:featuredmedia":[{"embeddable":true,"href":"https:\/\/www.redenoticia.com.br\/noticia\/wp-json\/wp\/v2\/media\/38940"}],"wp:attachment":[{"href":"https:\/\/www.redenoticia.com.br\/noticia\/wp-json\/wp\/v2\/media?parent=68325"}],"wp:term":[{"taxonomy":"category","embeddable":true,"href":"https:\/\/www.redenoticia.com.br\/noticia\/wp-json\/wp\/v2\/categories?post=68325"},{"taxonomy":"post_tag","embeddable":true,"href":"https:\/\/www.redenoticia.com.br\/noticia\/wp-json\/wp\/v2\/tags?post=68325"}],"curies":[{"name":"wp","href":"https:\/\/api.w.org\/{rel}","templated":true}]}}