{"id":68323,"date":"2015-03-25T17:21:19","date_gmt":"2015-03-25T20:21:19","guid":{"rendered":"http:\/\/www.redenoticia.com.br\/noticia\/?p=68323"},"modified":"2015-03-25T17:21:19","modified_gmt":"2015-03-25T20:21:19","slug":"desemprego-aumenta-para-105-na-regiao-metropolitana-de-sao-paulo","status":"publish","type":"post","link":"https:\/\/www.redenoticia.com.br\/noticia\/2015\/desemprego-aumenta-para-105-na-regiao-metropolitana-de-sao-paulo\/68323","title":{"rendered":"Desemprego aumenta para 10,5% na regi\u00e3o metropolitana de S\u00e3o Paulo"},"content":{"rendered":"<p> A taxa de <strong><em>desemprego<\/em><\/strong> na regi\u00e3o metropolitana de S\u00e3o Paulo passou de 9,8% em janeiro para 10,5% em fevereiro. O contingente estimado de desempregados \u00e9 1.138 pessoas, 80 mil a mais que no m\u00eas anterior. O n\u00famero de ocupados caiu 38 mil, o equivalente a -0,4%. Os dados s\u00e3o da Funda\u00e7\u00e3o Sistema Estadual de An\u00e1lise de Dados (Seade) e do Departamento Intersindical de Estat\u00edstica e Estudos Socioecon\u00f4micos (Dieese).<\/p>\n<p>De acordo com o economista Alexandre Loloian, coordenador da an\u00e1lise, apesar da alta, essa \u00e9 a menor taxa para o m\u00eas de fevereiro desde 1991. \u201cAinda estamos em uma situa\u00e7\u00e3o boa e n\u00e3o perdemos os ganhos do passado\u201d, disse ele.<\/p>\n<p>Segundo o economista, a redu\u00e7\u00e3o no n\u00edvel de ocupa\u00e7\u00e3o \u00e9 efeito conjugado do aumento da Popula\u00e7\u00e3o Economicamente Ativa (PEA), que inclui empregados e pessoas em busca de emprego, e da diminui\u00e7\u00e3o da oferta de postos de trabalho.<\/p>\n<p>A pesquisa da Funda\u00e7\u00e3o Seade e do Dieese deixou de divulgar a estimativa de desemprego em todo o pa\u00eds devido \u00e0 redu\u00e7\u00e3o de amostras, com a sa\u00edda de algumas regi\u00f5es. Entre as cidades que ainda constam do levantamento est\u00e3o Fortaleza (passou de 7,1% em janeiro para 7,2% em fevereiro), Porto Alegre (5,8% para 5,7%), o Recife (11,8% para 12,1%) e Salvador (16,3% para 16,4%).<\/p>\n<p>Se considerar apenas a capital paulista, o desemprego tamb\u00e9m cresceu, passando de 9,5% em janeiro para 10,4% no m\u00eas passado. Entre os setores, os que mais eliminaram postos de trabalho foram os servi\u00e7os (32 mil postos) e a constru\u00e7\u00e3o (22 mil postos).<\/p>\n<p>\u201cA constru\u00e7\u00e3o est\u00e1 em um per\u00edodo at\u00edpico, com o n\u00edvel particularmente baixo, n\u00e3o s\u00f3 na constru\u00e7\u00e3o de resid\u00eancias, como de infraestrutura. Lan\u00e7amentos est\u00e3o caindo, as vendas diminuindo, as construtoras e incorporadoras em redu\u00e7\u00e3o e isso se reflete no n\u00edvel de emprego\u201d, disse Loloian.<\/p>\n<p>A ind\u00fastria teve redu\u00e7\u00e3o de 6 mil postos de trabalho e o com\u00e9rcio teve aumento de 32 mil postos. Na an\u00e1lise da qualidade do emprego, constatou-se que o n\u00famero de assalariados diminuiu 0,5%. O n\u00famero de aut\u00f4nomos caiu 1,1% e o de trabalhadores sem carteira assinada teve queda de 5%.<\/p>\n<p>\u201cA qualidade do emprego se manteve e houve redu\u00e7\u00e3o nas ocupa\u00e7\u00f5es prec\u00e1rias, em aut\u00f4nomos e sem carteira. Isso \u00e9 um sinal de que o mercado de trabalho n\u00e3o est\u00e1 em um processo de deteriora\u00e7\u00e3o t\u00e3o r\u00e1pido\u201d, declarou o economista.<\/p>\n<p>Fernanda Cruz \u2013 Rep\u00f3rter da Ag\u00eancia Brasil<br \/>\nEdi\u00e7\u00e3o: Denise Griesinger<\/p>\n","protected":false},"excerpt":{"rendered":"<p>A taxa de desemprego na regi\u00e3o metropolitana de S\u00e3o Paulo passou de 9,8% em janeiro para 10,5% em fevereiro. O contingente estimado de desempregados \u00e9 1.138 pessoas, 80 mil a mais que no m\u00eas anterior. O n\u00famero de ocupados caiu 38 mil, o equivalente a -0,4%. Os dados s\u00e3o da Funda\u00e7\u00e3o Sistema Estadual de An\u00e1lise [&hellip;]<\/p>\n","protected":false},"author":2,"featured_media":40636,"comment_status":"open","ping_status":"closed","sticky":false,"template":"","format":"standard","meta":{"_genesis_hide_title":false,"_genesis_hide_breadcrumbs":false,"_genesis_hide_singular_image":false,"_genesis_hide_footer_widgets":false,"_genesis_custom_body_class":"","_genesis_custom_post_class":"","_genesis_layout":"","_jetpack_memberships_contains_paid_content":false,"footnotes":""},"categories":[22,7],"tags":[],"class_list":{"0":"post-68323","1":"post","2":"type-post","3":"status-publish","4":"format-standard","5":"has-post-thumbnail","7":"category-brasil","8":"category-economia","9":"entry","10":"gs-1","11":"gs-odd","12":"gs-even","13":"gs-featured-content-entry"},"jetpack_featured_media_url":"https:\/\/www.redenoticia.com.br\/noticia\/imagens\/economia-analise.jpg","jetpack_sharing_enabled":true,"jetpack_likes_enabled":true,"_links":{"self":[{"href":"https:\/\/www.redenoticia.com.br\/noticia\/wp-json\/wp\/v2\/posts\/68323","targetHints":{"allow":["GET"]}}],"collection":[{"href":"https:\/\/www.redenoticia.com.br\/noticia\/wp-json\/wp\/v2\/posts"}],"about":[{"href":"https:\/\/www.redenoticia.com.br\/noticia\/wp-json\/wp\/v2\/types\/post"}],"author":[{"embeddable":true,"href":"https:\/\/www.redenoticia.com.br\/noticia\/wp-json\/wp\/v2\/users\/2"}],"replies":[{"embeddable":true,"href":"https:\/\/www.redenoticia.com.br\/noticia\/wp-json\/wp\/v2\/comments?post=68323"}],"version-history":[{"count":0,"href":"https:\/\/www.redenoticia.com.br\/noticia\/wp-json\/wp\/v2\/posts\/68323\/revisions"}],"wp:featuredmedia":[{"embeddable":true,"href":"https:\/\/www.redenoticia.com.br\/noticia\/wp-json\/wp\/v2\/media\/40636"}],"wp:attachment":[{"href":"https:\/\/www.redenoticia.com.br\/noticia\/wp-json\/wp\/v2\/media?parent=68323"}],"wp:term":[{"taxonomy":"category","embeddable":true,"href":"https:\/\/www.redenoticia.com.br\/noticia\/wp-json\/wp\/v2\/categories?post=68323"},{"taxonomy":"post_tag","embeddable":true,"href":"https:\/\/www.redenoticia.com.br\/noticia\/wp-json\/wp\/v2\/tags?post=68323"}],"curies":[{"name":"wp","href":"https:\/\/api.w.org\/{rel}","templated":true}]}}