{"id":68321,"date":"2015-03-25T17:16:38","date_gmt":"2015-03-25T20:16:38","guid":{"rendered":"http:\/\/www.redenoticia.com.br\/noticia\/?p=68321"},"modified":"2015-03-25T17:16:38","modified_gmt":"2015-03-25T20:16:38","slug":"confianca-do-consumidor-atinge-minimo-historico-pelo-terceiro-mes-consecutivo","status":"publish","type":"post","link":"https:\/\/www.redenoticia.com.br\/noticia\/2015\/confianca-do-consumidor-atinge-minimo-historico-pelo-terceiro-mes-consecutivo\/68321","title":{"rendered":"Confian\u00e7a do consumidor atinge m\u00ednimo hist\u00f3rico pelo terceiro m\u00eas consecutivo"},"content":{"rendered":"<p> O <strong><em>\u00cdndice de Confian\u00e7a do Consumidor<\/em><\/strong> (ICC) recuou 2,9% de fevereiro para mar\u00e7o, ao passar de 85,4 para 82,9 pontos, atingindo o \u00edndice m\u00ednimo hist\u00f3rico pelo terceiro m\u00eas consecutivo. Os dados relativos ao ICC foram divulgados pelo Instituto Brasileiro de Economia (Ibre) da Funda\u00e7\u00e3o Getulio Vargas (FGV) e indicam que a queda foi motivada, principalmente, pela situa\u00e7\u00e3o atual.<\/p>\n<p>No per\u00edodo, o \u00cdndice de Situa\u00e7\u00e3o Atual caiu 5,6%, de 82,3 para 77,7 pontos, enquanto o \u00cdndice de Expectativas recuou 1,4%, ao passar de 87 para 85,8 pontos. Os dois \u00edndices encontram-se nos n\u00edveis m\u00ednimos hist\u00f3ricos, segundo a FGV. <\/p>\n<p>De acordo com o \u00f3rg\u00e3o, considerando-se compara\u00e7\u00f5es com s\u00e9ries padronizadas, as expectativas est\u00e3o piores que as percep\u00e7\u00f5es sobre a situa\u00e7\u00e3o atual. Na avalia\u00e7\u00e3o do superintendente para Ciclos Econ\u00f4micos da FGV, Alo\u00edsio Campelo, o ICC est\u00e1 em queda e se afastando dos n\u00edveis m\u00ednimos anteriores, registrados durante a crise financeira internacional de 2008 a 2009.<\/p>\n<p> \u201cAos fatores econ\u00f4micos, como infla\u00e7\u00e3o e mercado de trabalho, soma-se a preocupa\u00e7\u00e3o do consumidor brasileiro com a turbul\u00eancia do ambiente pol\u00edtico e com os riscos de abastecimento de \u00e1gua e energia\u201d, disse.<\/p>\n<p>Os dados divulgados indicam que a maior press\u00e3o negativa para a queda do \u00cdndice de Situa\u00e7\u00e3o Atual veio do indicador que mede o grau de satisfa\u00e7\u00e3o com a situa\u00e7\u00e3o econ\u00f4mica atual, que registra o menor patamar da s\u00e9rie hist\u00f3rica pelo terceiro m\u00eas consecutivo.<\/p>\n<p>\u201cA propor\u00e7\u00e3o de consumidores que afirmam que a situa\u00e7\u00e3o da economia est\u00e1 boa caiu de 5,8%, em fevereiro, para 4,5% em mar\u00e7o, enquanto a parcela dos que a consideram ruim aumentou de 71,6% para 77,6% no mesmo per\u00edodo\u201d, explicou a FGV. <\/p>\n<p>As expectativas tamb\u00e9m n\u00e3o s\u00e3o favor\u00e1veis em rela\u00e7\u00e3o ao futuro pr\u00f3ximo: o indicador que mede o otimismo em rela\u00e7\u00e3o \u00e0 evolu\u00e7\u00e3o da situa\u00e7\u00e3o financeira da fam\u00edlia nos pr\u00f3ximos  seis meses apresentou recuo de 2,8%,  enquanto a propor\u00e7\u00e3o de consumidores que preveem melhora da situa\u00e7\u00e3o financeira teve queda de 27,9%, em fevereiro, para 27,% em mar\u00e7o. O percentual dos que projetam piora aumentou de 10,5% para 12,9%.<\/p>\n<p>A edi\u00e7\u00e3o de mar\u00e7o de 2015 coletou informa\u00e7\u00f5es de 2.191 domic\u00edlios de 2 a 21 de mar\u00e7o. A pr\u00f3xima divulga\u00e7\u00e3o da Sondagem do Consumidor ocorrer\u00e1 em 27 de abril de 2015.<\/p>\n<p>Nielmar de Oliveira &#8211; Rep\u00f3rter da Ag\u00eancia Brasil<br \/>\nEdi\u00e7\u00e3o: Val\u00e9ria Aguiar<\/p>\n","protected":false},"excerpt":{"rendered":"<p>O \u00cdndice de Confian\u00e7a do Consumidor (ICC) recuou 2,9% de fevereiro para mar\u00e7o, ao passar de 85,4 para 82,9 pontos, atingindo o \u00edndice m\u00ednimo hist\u00f3rico pelo terceiro m\u00eas consecutivo. Os dados relativos ao ICC foram divulgados pelo Instituto Brasileiro de Economia (Ibre) da Funda\u00e7\u00e3o Getulio Vargas (FGV) e indicam que a queda foi motivada, principalmente, [&hellip;]<\/p>\n","protected":false},"author":2,"featured_media":57585,"comment_status":"open","ping_status":"closed","sticky":false,"template":"","format":"standard","meta":{"_genesis_hide_title":false,"_genesis_hide_breadcrumbs":false,"_genesis_hide_singular_image":false,"_genesis_hide_footer_widgets":false,"_genesis_custom_body_class":"","_genesis_custom_post_class":"","_genesis_layout":"","_jetpack_memberships_contains_paid_content":false,"footnotes":""},"categories":[22,7],"tags":[],"class_list":{"0":"post-68321","1":"post","2":"type-post","3":"status-publish","4":"format-standard","5":"has-post-thumbnail","7":"category-brasil","8":"category-economia","9":"entry","10":"gs-1","11":"gs-odd","12":"gs-even","13":"gs-featured-content-entry"},"jetpack_featured_media_url":"https:\/\/www.redenoticia.com.br\/noticia\/imagens\/analise-economia.jpg","jetpack_sharing_enabled":true,"jetpack_likes_enabled":true,"_links":{"self":[{"href":"https:\/\/www.redenoticia.com.br\/noticia\/wp-json\/wp\/v2\/posts\/68321","targetHints":{"allow":["GET"]}}],"collection":[{"href":"https:\/\/www.redenoticia.com.br\/noticia\/wp-json\/wp\/v2\/posts"}],"about":[{"href":"https:\/\/www.redenoticia.com.br\/noticia\/wp-json\/wp\/v2\/types\/post"}],"author":[{"embeddable":true,"href":"https:\/\/www.redenoticia.com.br\/noticia\/wp-json\/wp\/v2\/users\/2"}],"replies":[{"embeddable":true,"href":"https:\/\/www.redenoticia.com.br\/noticia\/wp-json\/wp\/v2\/comments?post=68321"}],"version-history":[{"count":0,"href":"https:\/\/www.redenoticia.com.br\/noticia\/wp-json\/wp\/v2\/posts\/68321\/revisions"}],"wp:featuredmedia":[{"embeddable":true,"href":"https:\/\/www.redenoticia.com.br\/noticia\/wp-json\/wp\/v2\/media\/57585"}],"wp:attachment":[{"href":"https:\/\/www.redenoticia.com.br\/noticia\/wp-json\/wp\/v2\/media?parent=68321"}],"wp:term":[{"taxonomy":"category","embeddable":true,"href":"https:\/\/www.redenoticia.com.br\/noticia\/wp-json\/wp\/v2\/categories?post=68321"},{"taxonomy":"post_tag","embeddable":true,"href":"https:\/\/www.redenoticia.com.br\/noticia\/wp-json\/wp\/v2\/tags?post=68321"}],"curies":[{"name":"wp","href":"https:\/\/api.w.org\/{rel}","templated":true}]}}