{"id":68256,"date":"2015-03-24T16:56:56","date_gmt":"2015-03-24T19:56:56","guid":{"rendered":"http:\/\/www.redenoticia.com.br\/noticia\/?p=68256"},"modified":"2015-03-24T16:56:56","modified_gmt":"2015-03-24T19:56:56","slug":"contas-externas-registram-deficit-de-us-69-bilhoes-em-fevereiro","status":"publish","type":"post","link":"https:\/\/www.redenoticia.com.br\/noticia\/2015\/contas-externas-registram-deficit-de-us-69-bilhoes-em-fevereiro\/68256","title":{"rendered":"Contas externas registram d\u00e9ficit de US$ 6,9 bilh\u00f5es em fevereiro"},"content":{"rendered":"<p>As transa\u00e7\u00f5es das <strong><em>contas externas brasileiras<\/em><\/strong> registradas em fevereiro foram deficit\u00e1rias em US$ 6,9 bilh\u00f5es, fazendo com que, nos \u00faltimos 12 meses, o saldo negativo chegue a US$ 89,9 bilh\u00f5es, representando 4,22% do Produto Interno Bruto (PIB), que \u00e9 a soma das riquezas produzidas no pa\u00eds. A informa\u00e7\u00e3o foi dada pelo Banco Central (BC). O c\u00e1lculo das transa\u00e7\u00f5es comerciais considera, al\u00e9m das importa\u00e7\u00f5es e exporta\u00e7\u00f5es registradas pela balan\u00e7a comercial, os gastos com servi\u00e7os e as rendas.<\/p>\n<p>\u201cEsse d\u00e9ficit de US$ 6,9 bilh\u00f5es \u00e9 o menor para o m\u00eas de fevereiro desde 2013, quando foram registrados US$ 6,6 bilh\u00f5es\u201d, disse o chefe adjunto do Departamento Econ\u00f4mico do BC, Fernando Rocha. \u201cO resultado acumulado nos dois primeiros meses ficou em US$ 17,5 bilh\u00f5es, o menor para o bimestre desde 2012, quando foram registrados US$ 8,8 bilh\u00f5es\u201d, acrescentou. Segundo Rocha, para mar\u00e7o de 2015, o d\u00e9ficit projetado \u00e9 US$ 5,5 bilh\u00f5es, \u201co que tamb\u00e9m representar\u00e1 uma redu\u00e7\u00e3o em rela\u00e7\u00e3o a mar\u00e7o do ano anterior\u201d.<\/p>\n<p>De acordo com o BC, a conta financeira apresentou ingressos l\u00edquidos de US$ 7,6 bilh\u00f5es no pa\u00eds. Os destaques ficaram com os investimentos estrangeiros diretos (US$ 2,8 bilh\u00f5es) e com os investimentos estrangeiros em carteira (US$2,2 bilh\u00f5es). De acordo com a autoridade monet\u00e1ria, a conta de servi\u00e7os ficou deficit\u00e1ria em US$ 2,8 bilh\u00f5es em fevereiro \u2013 valor 18,5% inferior ao registrado em fevereiro de 2014. As despesas l\u00edquidas com transportes reduziram 11,8% na mesma base de compara\u00e7\u00e3o, somando US$ 607 milh\u00f5es.<\/p>\n<p>O item viagens internacionais registrou retra\u00e7\u00e3o de 26,7%, totalizando despesas l\u00edquidas de US$ 970 milh\u00f5es, tamb\u00e9m na compara\u00e7\u00e3o com fevereiro do ano passado. Segundo o BC, o resultado foi influenciado pela queda de 22,9% nos gastos de turistas brasileiros em viagens ao exterior e pelo recuo de 14,4% nos gastos de viajantes estrangeiros ao Brasil. As despesas l\u00edquidas com aluguel de equipamentos aumentaram 7% , atingindo US$ 1,6 bilh\u00e3o. O destaque ficou com as redu\u00e7\u00f5es nas despesas l\u00edquidas com royalties e licen\u00e7as (38,9%) e computa\u00e7\u00e3o e informa\u00e7\u00f5es (26%).<\/p>\n<p>\u201cObservamos redu\u00e7\u00e3o no d\u00e9ficit acumulado de 12 meses, para um valor abaixo de US$ 90 bilh\u00f5es, resultado que aparenta estar em linha com o [projetado pelo] BC para 2015. Dessa forma, reduzimos esta proje\u00e7\u00e3o, de US$ 83,5 bilh\u00f5es [proje\u00e7\u00e3o apresentada em dezembro] para US$ 80,5 bilh\u00f5es\u201d, informou Fernando Rocha.<\/p>\n<p>Pedro Peduzzi &#8211; Rep\u00f3rter da Ag\u00eancia Brasil<br \/>\nEdi\u00e7\u00e3o: Val\u00e9ria Aguiar<\/p>\n","protected":false},"excerpt":{"rendered":"<p>As transa\u00e7\u00f5es das contas externas brasileiras registradas em fevereiro foram deficit\u00e1rias em US$ 6,9 bilh\u00f5es, fazendo com que, nos \u00faltimos 12 meses, o saldo negativo chegue a US$ 89,9 bilh\u00f5es, representando 4,22% do Produto Interno Bruto (PIB), que \u00e9 a soma das riquezas produzidas no pa\u00eds. A informa\u00e7\u00e3o foi dada pelo Banco Central (BC). O [&hellip;]<\/p>\n","protected":false},"author":2,"featured_media":38938,"comment_status":"open","ping_status":"closed","sticky":false,"template":"","format":"standard","meta":{"_genesis_hide_title":false,"_genesis_hide_breadcrumbs":false,"_genesis_hide_singular_image":false,"_genesis_hide_footer_widgets":false,"_genesis_custom_body_class":"","_genesis_custom_post_class":"","_genesis_layout":"","_jetpack_memberships_contains_paid_content":false,"footnotes":""},"categories":[22,7],"tags":[],"class_list":{"0":"post-68256","1":"post","2":"type-post","3":"status-publish","4":"format-standard","5":"has-post-thumbnail","7":"category-brasil","8":"category-economia","9":"entry","10":"gs-1","11":"gs-odd","12":"gs-even","13":"gs-featured-content-entry"},"jetpack_featured_media_url":"https:\/\/www.redenoticia.com.br\/noticia\/imagens\/economia1.jpg","jetpack_sharing_enabled":true,"jetpack_likes_enabled":true,"_links":{"self":[{"href":"https:\/\/www.redenoticia.com.br\/noticia\/wp-json\/wp\/v2\/posts\/68256","targetHints":{"allow":["GET"]}}],"collection":[{"href":"https:\/\/www.redenoticia.com.br\/noticia\/wp-json\/wp\/v2\/posts"}],"about":[{"href":"https:\/\/www.redenoticia.com.br\/noticia\/wp-json\/wp\/v2\/types\/post"}],"author":[{"embeddable":true,"href":"https:\/\/www.redenoticia.com.br\/noticia\/wp-json\/wp\/v2\/users\/2"}],"replies":[{"embeddable":true,"href":"https:\/\/www.redenoticia.com.br\/noticia\/wp-json\/wp\/v2\/comments?post=68256"}],"version-history":[{"count":0,"href":"https:\/\/www.redenoticia.com.br\/noticia\/wp-json\/wp\/v2\/posts\/68256\/revisions"}],"wp:featuredmedia":[{"embeddable":true,"href":"https:\/\/www.redenoticia.com.br\/noticia\/wp-json\/wp\/v2\/media\/38938"}],"wp:attachment":[{"href":"https:\/\/www.redenoticia.com.br\/noticia\/wp-json\/wp\/v2\/media?parent=68256"}],"wp:term":[{"taxonomy":"category","embeddable":true,"href":"https:\/\/www.redenoticia.com.br\/noticia\/wp-json\/wp\/v2\/categories?post=68256"},{"taxonomy":"post_tag","embeddable":true,"href":"https:\/\/www.redenoticia.com.br\/noticia\/wp-json\/wp\/v2\/tags?post=68256"}],"curies":[{"name":"wp","href":"https:\/\/api.w.org\/{rel}","templated":true}]}}