{"id":68254,"date":"2015-03-24T15:49:00","date_gmt":"2015-03-24T18:49:00","guid":{"rendered":"http:\/\/www.redenoticia.com.br\/noticia\/?p=68254"},"modified":"2015-03-24T15:49:00","modified_gmt":"2015-03-24T18:49:00","slug":"com-emissao-de-titulos-divida-publica-federal-cresce-364","status":"publish","type":"post","link":"https:\/\/www.redenoticia.com.br\/noticia\/2015\/com-emissao-de-titulos-divida-publica-federal-cresce-364\/68254","title":{"rendered":"Com emiss\u00e3o de t\u00edtulos, D\u00edvida P\u00fablica Federal cresce 3,64%"},"content":{"rendered":"<p> A <strong><em>D\u00edvida P\u00fablica Federal<\/em><\/strong> \u2013 empr\u00e9stimos tomados pelo Tesouro Nacional para cobrir d\u00e9ficit or\u00e7ament\u00e1rio do governo federal \u2013 teve eleva\u00e7\u00e3o de 3,64% de janeiro para fevereiro e passou de R$ 2,247 trilh\u00f5es para R$ 2,329 trilh\u00f5es. Os dados foram divulgados pelo Tesouro Nacional.<\/p>\n<p>O endividamento do Tesouro Nacional pode ocorrer por meio da emiss\u00e3o de t\u00edtulos p\u00fablicos ou pela assinatura de contratos.<\/p>\n<p>A D\u00edvida P\u00fablica Mobili\u00e1ria Federal interna (DPMFi) cresceu 3,53% e passou de R$ 2,137 trilh\u00f5es para R$ 2,213 trilh\u00f5es. DPMFi \u00e9 a d\u00edvida p\u00fablica federal em circula\u00e7\u00e3o no mercado nacional. \u00c9 paga em real e captada por meio da emiss\u00e3o de t\u00edtulos p\u00fablicos.<\/p>\n<p>O principal motivo do crescimento da DPMFi foi uma emiss\u00e3o l\u00edquida feita pelo Tesouro Nacional, no valor de R$ 51,12 bilh\u00f5es. Essa emiss\u00e3o foi atingida tamb\u00e9m pela apropria\u00e7\u00e3o positiva de juros, no valor de R$ 24,29 bilh\u00f5es, informou o Tesouro Nacional.<\/p>\n<p>A D\u00edvida P\u00fablica Federal externa (DPFe) registrou, em fevereiro, eleva\u00e7\u00e3o de 5,76%, em compara\u00e7\u00e3o ao resultado do m\u00eas anterior: atingiu R$ 116,26 bilh\u00f5es, equivalentes a US$ 40,39 bilh\u00f5es, dos quais R$ 105,77 bilh\u00f5es (US$ 36,75 bilh\u00f5es) referentes \u00e0 d\u00edvida mobili\u00e1ria (t\u00edtulos) e R$ 10,49 bilh\u00f5es (US$ 3,65 bilh\u00f5es), \u00e0 d\u00edvida contratual.<\/p>\n<p>DPFe \u00e9 a d\u00edvida p\u00fablica federal existente no mercado internacional, paga em outras moedas. De acordo com o Tesouro Nacional, \u201ca eleva\u00e7\u00e3o [da DPFe] foi ocasionado pela desvaloriza\u00e7\u00e3o do real [no per\u00edodo] em compara\u00e7\u00e3o a moedas que comp\u00f5em o estoque da d\u00edvida externa\u201d.<\/p>\n<p>A D\u00edvida P\u00fablica Federal, segundo o Tesouro Nacional, dever\u00e1 encerrar o ano entre R$ 2,45 trilh\u00f5es e R$ 2,6 trilh\u00f5es.<\/p>\n<p>Daniel Lima &#8211; Rep\u00f3rter da Ag\u00eancia Brasil<br \/>\nEdi\u00e7\u00e3o: Jos\u00e9 Romildo<\/p>\n","protected":false},"excerpt":{"rendered":"<p>A D\u00edvida P\u00fablica Federal \u2013 empr\u00e9stimos tomados pelo Tesouro Nacional para cobrir d\u00e9ficit or\u00e7ament\u00e1rio do governo federal \u2013 teve eleva\u00e7\u00e3o de 3,64% de janeiro para fevereiro e passou de R$ 2,247 trilh\u00f5es para R$ 2,329 trilh\u00f5es. Os dados foram divulgados pelo Tesouro Nacional. O endividamento do Tesouro Nacional pode ocorrer por meio da emiss\u00e3o de [&hellip;]<\/p>\n","protected":false},"author":2,"featured_media":40517,"comment_status":"open","ping_status":"closed","sticky":false,"template":"","format":"standard","meta":{"_genesis_hide_title":false,"_genesis_hide_breadcrumbs":false,"_genesis_hide_singular_image":false,"_genesis_hide_footer_widgets":false,"_genesis_custom_body_class":"","_genesis_custom_post_class":"","_genesis_layout":"","_jetpack_memberships_contains_paid_content":false,"footnotes":""},"categories":[22,7],"tags":[],"class_list":{"0":"post-68254","1":"post","2":"type-post","3":"status-publish","4":"format-standard","5":"has-post-thumbnail","7":"category-brasil","8":"category-economia","9":"entry","10":"gs-1","11":"gs-odd","12":"gs-even","13":"gs-featured-content-entry"},"jetpack_featured_media_url":"https:\/\/www.redenoticia.com.br\/noticia\/imagens\/economia-previsao.jpg","jetpack_sharing_enabled":true,"jetpack_likes_enabled":true,"_links":{"self":[{"href":"https:\/\/www.redenoticia.com.br\/noticia\/wp-json\/wp\/v2\/posts\/68254","targetHints":{"allow":["GET"]}}],"collection":[{"href":"https:\/\/www.redenoticia.com.br\/noticia\/wp-json\/wp\/v2\/posts"}],"about":[{"href":"https:\/\/www.redenoticia.com.br\/noticia\/wp-json\/wp\/v2\/types\/post"}],"author":[{"embeddable":true,"href":"https:\/\/www.redenoticia.com.br\/noticia\/wp-json\/wp\/v2\/users\/2"}],"replies":[{"embeddable":true,"href":"https:\/\/www.redenoticia.com.br\/noticia\/wp-json\/wp\/v2\/comments?post=68254"}],"version-history":[{"count":0,"href":"https:\/\/www.redenoticia.com.br\/noticia\/wp-json\/wp\/v2\/posts\/68254\/revisions"}],"wp:featuredmedia":[{"embeddable":true,"href":"https:\/\/www.redenoticia.com.br\/noticia\/wp-json\/wp\/v2\/media\/40517"}],"wp:attachment":[{"href":"https:\/\/www.redenoticia.com.br\/noticia\/wp-json\/wp\/v2\/media?parent=68254"}],"wp:term":[{"taxonomy":"category","embeddable":true,"href":"https:\/\/www.redenoticia.com.br\/noticia\/wp-json\/wp\/v2\/categories?post=68254"},{"taxonomy":"post_tag","embeddable":true,"href":"https:\/\/www.redenoticia.com.br\/noticia\/wp-json\/wp\/v2\/tags?post=68254"}],"curies":[{"name":"wp","href":"https:\/\/api.w.org\/{rel}","templated":true}]}}