{"id":68252,"date":"2015-03-24T15:45:04","date_gmt":"2015-03-24T18:45:04","guid":{"rendered":"http:\/\/www.redenoticia.com.br\/noticia\/?p=68252"},"modified":"2015-03-24T15:45:04","modified_gmt":"2015-03-24T18:45:04","slug":"pesquisa-com-consumidores-projeta-inflacao-acima-de-8-em-12-meses","status":"publish","type":"post","link":"https:\/\/www.redenoticia.com.br\/noticia\/2015\/pesquisa-com-consumidores-projeta-inflacao-acima-de-8-em-12-meses\/68252","title":{"rendered":"Pesquisa com consumidores projeta infla\u00e7\u00e3o acima de 8% em 12 meses"},"content":{"rendered":"<p> A <strong><em>infla\u00e7\u00e3o<\/em><\/strong> m\u00e9dia prevista pelos brasileiros para os 12 meses seguintes foi 8,4% em mar\u00e7o, um avan\u00e7o de 0,5 ponto percentual em rela\u00e7\u00e3o aos 7,9% de fevereiro. Este \u00e9 o maior valor da s\u00e9rie hist\u00f3rica e a segunda vez em que as previs\u00f5es superam os 8%. At\u00e9 ent\u00e3o, o maior valor foi 8,1%, em setembro de 2005.<\/p>\n<p> Os dados constam do Indicador de Expectativa de Infla\u00e7\u00e3o dos Consumidores do Instituto Brasileiro de Economia da Funda\u00e7\u00e3o Getulio Vargas (Ibre\/FGV).<\/p>\n<p>Na avalia\u00e7\u00e3o do economista do Ibre Pedro Costa Ferreira, \u201co resultado de mar\u00e7o confirma que a acelera\u00e7\u00e3o recente da infla\u00e7\u00e3o vem tornando as expectativas dos consumidores mais pessimistas para o futuro\u201d. Ele ressaltou que a avalia\u00e7\u00e3o do consumidor j\u00e1 ultrapassou os 8% de expectativa de infla\u00e7\u00e3o para os pr\u00f3ximos 12 meses. \u201cPrecisamos acompanhar e ver se esse \u00e9 um aumento permanente ou tempor\u00e1rio\u201d, acrescentou.<\/p>\n<p>O Ibre tamb\u00e9m destacou que, entre fevereiro e mar\u00e7o, a frequ\u00eancia de respostas que estimam infla\u00e7\u00e3o acima de 7% passou de 61% para 75% do total. \u201cMais notadamente, a frequ\u00eancia de respostas na faixa entre 7% e 8% praticamente dobrou de outubro de 2014 para c\u00e1, ao passar de 16,8% para 30,6% do total\u201d.<\/p>\n<p>Nielmar de Oliveira &#8211; Rep\u00f3rter da Ag\u00eancia Brasil<br \/>\nEdi\u00e7\u00e3o: Marcos Chagas<\/p>\n","protected":false},"excerpt":{"rendered":"<p>A infla\u00e7\u00e3o m\u00e9dia prevista pelos brasileiros para os 12 meses seguintes foi 8,4% em mar\u00e7o, um avan\u00e7o de 0,5 ponto percentual em rela\u00e7\u00e3o aos 7,9% de fevereiro. Este \u00e9 o maior valor da s\u00e9rie hist\u00f3rica e a segunda vez em que as previs\u00f5es superam os 8%. At\u00e9 ent\u00e3o, o maior valor foi 8,1%, em setembro [&hellip;]<\/p>\n","protected":false},"author":2,"featured_media":57584,"comment_status":"open","ping_status":"closed","sticky":false,"template":"","format":"standard","meta":{"_genesis_hide_title":false,"_genesis_hide_breadcrumbs":false,"_genesis_hide_singular_image":false,"_genesis_hide_footer_widgets":false,"_genesis_custom_body_class":"","_genesis_custom_post_class":"","_genesis_layout":"","_jetpack_memberships_contains_paid_content":false,"footnotes":""},"categories":[22,7],"tags":[],"class_list":{"0":"post-68252","1":"post","2":"type-post","3":"status-publish","4":"format-standard","5":"has-post-thumbnail","7":"category-brasil","8":"category-economia","9":"entry","10":"gs-1","11":"gs-odd","12":"gs-even","13":"gs-featured-content-entry"},"jetpack_featured_media_url":"https:\/\/www.redenoticia.com.br\/noticia\/imagens\/economia-grafica-analise-inflacao.jpg","jetpack_sharing_enabled":true,"jetpack_likes_enabled":true,"_links":{"self":[{"href":"https:\/\/www.redenoticia.com.br\/noticia\/wp-json\/wp\/v2\/posts\/68252","targetHints":{"allow":["GET"]}}],"collection":[{"href":"https:\/\/www.redenoticia.com.br\/noticia\/wp-json\/wp\/v2\/posts"}],"about":[{"href":"https:\/\/www.redenoticia.com.br\/noticia\/wp-json\/wp\/v2\/types\/post"}],"author":[{"embeddable":true,"href":"https:\/\/www.redenoticia.com.br\/noticia\/wp-json\/wp\/v2\/users\/2"}],"replies":[{"embeddable":true,"href":"https:\/\/www.redenoticia.com.br\/noticia\/wp-json\/wp\/v2\/comments?post=68252"}],"version-history":[{"count":0,"href":"https:\/\/www.redenoticia.com.br\/noticia\/wp-json\/wp\/v2\/posts\/68252\/revisions"}],"wp:featuredmedia":[{"embeddable":true,"href":"https:\/\/www.redenoticia.com.br\/noticia\/wp-json\/wp\/v2\/media\/57584"}],"wp:attachment":[{"href":"https:\/\/www.redenoticia.com.br\/noticia\/wp-json\/wp\/v2\/media?parent=68252"}],"wp:term":[{"taxonomy":"category","embeddable":true,"href":"https:\/\/www.redenoticia.com.br\/noticia\/wp-json\/wp\/v2\/categories?post=68252"},{"taxonomy":"post_tag","embeddable":true,"href":"https:\/\/www.redenoticia.com.br\/noticia\/wp-json\/wp\/v2\/tags?post=68252"}],"curies":[{"name":"wp","href":"https:\/\/api.w.org\/{rel}","templated":true}]}}