{"id":68250,"date":"2015-03-24T15:39:29","date_gmt":"2015-03-24T18:39:29","guid":{"rendered":"http:\/\/www.redenoticia.com.br\/noticia\/?p=68250"},"modified":"2015-03-24T15:39:29","modified_gmt":"2015-03-24T18:39:29","slug":"confianca-da-industria-cai-mais-de-8-de-fevereiro-para-marco-segundo-fgv","status":"publish","type":"post","link":"https:\/\/www.redenoticia.com.br\/noticia\/2015\/confianca-da-industria-cai-mais-de-8-de-fevereiro-para-marco-segundo-fgv\/68250","title":{"rendered":"Confian\u00e7a da ind\u00fastria cai mais de 8% de fevereiro para mar\u00e7o, segundo FGV"},"content":{"rendered":"<p> O <strong><em>\u00cdndice de Confian\u00e7a da Ind\u00fastria<\/em><\/strong> (ICI) caiu 8,2% de fevereiro para mar\u00e7o deste ano, considerando os dados livres de influ\u00eancia sazonal. O resultado consta da pr\u00e9via de mar\u00e7o da Sondagem da Ind\u00fastria de Transforma\u00e7\u00e3o, divulgada pelo Instituto Brasileiro de Economia (Ibre) da Funda\u00e7\u00e3o Getulio Vargas (FGV).<\/p>\n<p>Dados livres de influ\u00eancia sazonal s\u00e3o informa\u00e7\u00f5es que n\u00e3o abrangem o consumo t\u00edpico de feriados ou datas festivas ou produtos agr\u00edcolas disponibilizados na safra.<\/p>\n<p>Com o resultado, o \u00edndice atingiu 76,2 pontos, o menor n\u00edvel desde fevereiro de 2009 (75,4). Segundo o Ibre, o resultado de mar\u00e7o foi influenciado pela piora tanto das avalia\u00e7\u00f5es sobre o momento presente quanto das expectativas em rela\u00e7\u00e3o aos meses seguintes.<\/p>\n<p>O \u00cdndice da Situa\u00e7\u00e3o Atual (ISA) apresenta recuo de 9% em rela\u00e7\u00e3o a fevereiro, atingindo 76,4 pontos, o menor n\u00edvel desde janeiro de 2009 (75,6). O \u00cdndice de Expectativas (IE) registra queda de 7,2%, alcan\u00e7ando 76 pontos, o menor patamar desde mar\u00e7o de 2009 (75,8).<\/p>\n<p>O resultado preliminar do N\u00edvel de Utiliza\u00e7\u00e3o da Capacidade Instalada (Nuci) indica queda de 0,8 ponto percentual, de fevereiro para mar\u00e7o, ao passar de 81,6% para 80,8%, o menor n\u00edvel desde julho de 2009 (79,9%).<\/p>\n<p>Para a pr\u00e9via de mar\u00e7o de 2015 foram consultadas pelo Ibre 782 empresas entre os dias 3 e 19 deste m\u00eas. O resultado final da pesquisa ser\u00e1 divulgado na pr\u00f3xima ter\u00e7a-feira (31).<\/p>\n<p>Nielmar de Oliveira &#8211; Rep\u00f3rter da Ag\u00eancia Brasil<br \/>\nEdi\u00e7\u00e3o: Jos\u00e9 Romildo<\/p>\n","protected":false},"excerpt":{"rendered":"<p>O \u00cdndice de Confian\u00e7a da Ind\u00fastria (ICI) caiu 8,2% de fevereiro para mar\u00e7o deste ano, considerando os dados livres de influ\u00eancia sazonal. O resultado consta da pr\u00e9via de mar\u00e7o da Sondagem da Ind\u00fastria de Transforma\u00e7\u00e3o, divulgada pelo Instituto Brasileiro de Economia (Ibre) da Funda\u00e7\u00e3o Getulio Vargas (FGV). Dados livres de influ\u00eancia sazonal s\u00e3o informa\u00e7\u00f5es que [&hellip;]<\/p>\n","protected":false},"author":2,"featured_media":57585,"comment_status":"open","ping_status":"closed","sticky":false,"template":"","format":"standard","meta":{"_genesis_hide_title":false,"_genesis_hide_breadcrumbs":false,"_genesis_hide_singular_image":false,"_genesis_hide_footer_widgets":false,"_genesis_custom_body_class":"","_genesis_custom_post_class":"","_genesis_layout":"","_jetpack_memberships_contains_paid_content":false,"footnotes":""},"categories":[22,7],"tags":[],"class_list":{"0":"post-68250","1":"post","2":"type-post","3":"status-publish","4":"format-standard","5":"has-post-thumbnail","7":"category-brasil","8":"category-economia","9":"entry","10":"gs-1","11":"gs-odd","12":"gs-even","13":"gs-featured-content-entry"},"jetpack_featured_media_url":"https:\/\/www.redenoticia.com.br\/noticia\/imagens\/analise-economia.jpg","jetpack_sharing_enabled":true,"jetpack_likes_enabled":true,"_links":{"self":[{"href":"https:\/\/www.redenoticia.com.br\/noticia\/wp-json\/wp\/v2\/posts\/68250","targetHints":{"allow":["GET"]}}],"collection":[{"href":"https:\/\/www.redenoticia.com.br\/noticia\/wp-json\/wp\/v2\/posts"}],"about":[{"href":"https:\/\/www.redenoticia.com.br\/noticia\/wp-json\/wp\/v2\/types\/post"}],"author":[{"embeddable":true,"href":"https:\/\/www.redenoticia.com.br\/noticia\/wp-json\/wp\/v2\/users\/2"}],"replies":[{"embeddable":true,"href":"https:\/\/www.redenoticia.com.br\/noticia\/wp-json\/wp\/v2\/comments?post=68250"}],"version-history":[{"count":0,"href":"https:\/\/www.redenoticia.com.br\/noticia\/wp-json\/wp\/v2\/posts\/68250\/revisions"}],"wp:featuredmedia":[{"embeddable":true,"href":"https:\/\/www.redenoticia.com.br\/noticia\/wp-json\/wp\/v2\/media\/57585"}],"wp:attachment":[{"href":"https:\/\/www.redenoticia.com.br\/noticia\/wp-json\/wp\/v2\/media?parent=68250"}],"wp:term":[{"taxonomy":"category","embeddable":true,"href":"https:\/\/www.redenoticia.com.br\/noticia\/wp-json\/wp\/v2\/categories?post=68250"},{"taxonomy":"post_tag","embeddable":true,"href":"https:\/\/www.redenoticia.com.br\/noticia\/wp-json\/wp\/v2\/tags?post=68250"}],"curies":[{"name":"wp","href":"https:\/\/api.w.org\/{rel}","templated":true}]}}