{"id":68248,"date":"2015-03-24T15:36:33","date_gmt":"2015-03-24T18:36:33","guid":{"rendered":"http:\/\/www.redenoticia.com.br\/noticia\/?p=68248"},"modified":"2015-03-24T15:36:33","modified_gmt":"2015-03-24T18:36:33","slug":"condicao-do-tempo-na-rota-do-voo-barcelona-dusseldorf","status":"publish","type":"post","link":"https:\/\/www.redenoticia.com.br\/noticia\/2015\/condicao-do-tempo-na-rota-do-voo-barcelona-dusseldorf\/68248","title":{"rendered":"Condi\u00e7\u00e3o do tempo na rota do voo Barcelona\/ Dusseldorf"},"content":{"rendered":"<p>O Airbus A320, da companhia alem\u00e3 Germanwings, caiu nos Alpes franceses nesta ter\u00e7a-feira (24). At\u00e9 o momento n\u00e3o foi detectada a causa da <strong><em>queda do Airbus A320 que voava para Dusseldorf<\/em><\/strong>, na Alemanha, mas a condi\u00e7\u00e3o do tempo sempre \u00e9 um fator a ser considerado na queda de um avi\u00e3o.<\/p>\n<p>De acordo com a Somar Meteorologia, o voo saiu de Barcelona, na Espanha, com tempo fechado, chuva fraca e temperatura de 13\u00baC.<\/p>\n<p>Ao longo da rota, o avi\u00e3o encontrou atmosfera inst\u00e1vel com presen\u00e7a de \u00e1reas de baixa press\u00e3o atmosf\u00e9ricas, em especial entre o norte da Espanha e sul da Fran\u00e7a.<\/p>\n<p>As \u00e1reas de instabilidades podem ser observadas em\u00a0imagens de sat\u00e9lite:<\/p>\n<p>O governo da Fran\u00e7a confirmou que n\u00e3o h\u00e1 sobreviventes no voo que levava 144 passageiros e seis tripulantes.<\/p>\n<p>Ana Clara Guerra<br \/>\nsomarmeteorologia.com.br<\/p>\n<p>&#8212;<br \/>\nEstudantes mortos em acidente a\u00e9reo retornavam de interc\u00e2mbio na Espanha<\/p>\n<p>O prefeito da cidade alem\u00e3 de Haltern am See, Bodo Klimpel, disse, em entrevista coletiva \u00e0 imprensa, que \u00e9 grande o choque com a morte de 16 adolescentes e duas professoras de uma escola da cidade. O grupo, que retornava de um interc\u00e2mbio na Espanha, estava a bordo do avi\u00e3o da Germanwings que caiu nos Alpes franceses, na manh\u00e3 de hoje (24).<\/p>\n<p>\u201cA cidade est\u00e1 profundamente abalada. Estamos em estado de choque. \u00c9 a pior coisa que se poderia imaginar\u201d, afirmou o prefeito. Segundo ele, a dire\u00e7\u00e3o da escola j\u00e1 recebeu a confirma\u00e7\u00e3o de que os alunos e professores embarcaram no avi\u00e3o, em Barcelona (Espanha), \u00e0s 10h (6h no Brasil), com destino a D\u00fcsseldorf (Alemanha).<\/p>\n<p>Klimpel informou que os parentes das v\u00edtimas est\u00e3o recebendo aux\u00edlio de especialistas e apoio da prefeitura. \u201cEles receberam a not\u00edcia pela imprensa, e depois entraram em contato com a escola. Alguns foram direto para D\u00fcsseldorf em busca de mais informa\u00e7\u00f5es\u201d, acrescentou.<\/p>\n<p>A companhia alem\u00e3 Germanwings, filial de baixo custo da Lufthansa, confirmou que 144 passageiros e seis tripulantes estavam no voo. Equipes de resgate trabalham desde o in\u00edcio da tarde, no local do acidente, para identificar os corpos das v\u00edtimas.<\/p>\n<p>Ainda n\u00e3o h\u00e1 informa\u00e7\u00f5es sobre as causas do acidente a\u00e9reo. Uma das caixas-pretas do Airbus A320 foi encontrada e est\u00e1 sendo investigada por equipes especializadas.<\/p>\n<p>Giselle Garcia &#8211; Correspondente da Ag\u00eancia Brasil\/EBC<br \/>\nEdi\u00e7\u00e3o: St\u00eanio Ribeiro<\/p>\n","protected":false},"excerpt":{"rendered":"<p>O Airbus A320, da companhia alem\u00e3 Germanwings, caiu nos Alpes franceses nesta ter\u00e7a-feira (24). At\u00e9 o momento n\u00e3o foi detectada a causa da queda do Airbus A320 que voava para Dusseldorf, na Alemanha, mas a condi\u00e7\u00e3o do tempo sempre \u00e9 um fator a ser considerado na queda de um avi\u00e3o. De acordo com a Somar [&hellip;]<\/p>\n","protected":false},"author":2,"featured_media":28409,"comment_status":"open","ping_status":"closed","sticky":false,"template":"","format":"standard","meta":{"_genesis_hide_title":false,"_genesis_hide_breadcrumbs":false,"_genesis_hide_singular_image":false,"_genesis_hide_footer_widgets":false,"_genesis_custom_body_class":"","_genesis_custom_post_class":"","_genesis_layout":"","_jetpack_memberships_contains_paid_content":false,"footnotes":""},"categories":[22],"tags":[],"class_list":{"0":"post-68248","1":"post","2":"type-post","3":"status-publish","4":"format-standard","5":"has-post-thumbnail","7":"category-brasil","8":"entry","9":"gs-1","10":"gs-odd","11":"gs-even","12":"gs-featured-content-entry"},"jetpack_featured_media_url":"https:\/\/www.redenoticia.com.br\/noticia\/imagens\/previsao-do-tempo-e-temperatura.jpg","jetpack_sharing_enabled":true,"jetpack_likes_enabled":true,"_links":{"self":[{"href":"https:\/\/www.redenoticia.com.br\/noticia\/wp-json\/wp\/v2\/posts\/68248","targetHints":{"allow":["GET"]}}],"collection":[{"href":"https:\/\/www.redenoticia.com.br\/noticia\/wp-json\/wp\/v2\/posts"}],"about":[{"href":"https:\/\/www.redenoticia.com.br\/noticia\/wp-json\/wp\/v2\/types\/post"}],"author":[{"embeddable":true,"href":"https:\/\/www.redenoticia.com.br\/noticia\/wp-json\/wp\/v2\/users\/2"}],"replies":[{"embeddable":true,"href":"https:\/\/www.redenoticia.com.br\/noticia\/wp-json\/wp\/v2\/comments?post=68248"}],"version-history":[{"count":0,"href":"https:\/\/www.redenoticia.com.br\/noticia\/wp-json\/wp\/v2\/posts\/68248\/revisions"}],"wp:featuredmedia":[{"embeddable":true,"href":"https:\/\/www.redenoticia.com.br\/noticia\/wp-json\/wp\/v2\/media\/28409"}],"wp:attachment":[{"href":"https:\/\/www.redenoticia.com.br\/noticia\/wp-json\/wp\/v2\/media?parent=68248"}],"wp:term":[{"taxonomy":"category","embeddable":true,"href":"https:\/\/www.redenoticia.com.br\/noticia\/wp-json\/wp\/v2\/categories?post=68248"},{"taxonomy":"post_tag","embeddable":true,"href":"https:\/\/www.redenoticia.com.br\/noticia\/wp-json\/wp\/v2\/tags?post=68248"}],"curies":[{"name":"wp","href":"https:\/\/api.w.org\/{rel}","templated":true}]}}