{"id":68209,"date":"2015-03-23T14:29:23","date_gmt":"2015-03-23T17:29:23","guid":{"rendered":"http:\/\/www.redenoticia.com.br\/noticia\/?p=68209"},"modified":"2015-03-23T14:29:23","modified_gmt":"2015-03-23T17:29:23","slug":"transportes-e-educacao-elevam-custo-de-vida-do-paulistano-em-fevereiro","status":"publish","type":"post","link":"https:\/\/www.redenoticia.com.br\/noticia\/2015\/transportes-e-educacao-elevam-custo-de-vida-do-paulistano-em-fevereiro\/68209","title":{"rendered":"Transportes e educa\u00e7\u00e3o elevam custo de vida do paulistano em fevereiro"},"content":{"rendered":"<p> O custo de vida do paulistano subiu 1,26% em fevereiro na compara\u00e7\u00e3o com o m\u00eas anterior, aponta pesquisa mensal da Federa\u00e7\u00e3o do Com\u00e9rcio de Bens, Servi\u00e7os e Turismo de S\u00e3o Paulo (FecomercioSP). No acumulado do ano, o <strong><em>Custo de Vida<\/em><\/strong> por Classe Social (CVCS) registra alta de 2,48%. Ao somar os \u00edndices dos \u00faltimos 12 meses, a taxa \u00e9 6,95%.<\/p>\n<p>O grupo educa\u00e7\u00e3o foi respons\u00e1vel por 30,2% do aumento geral do \u00edndice, encerrando o m\u00eas com eleva\u00e7\u00e3o de 6,39%. A taxa \u00e9 menor que os 6,79% apurados em fevereiro do ano passado. A segunda maior influ\u00eancia na composi\u00e7\u00e3o do \u00edndice veio do segmento transportes, representando 27,8% do total. Esse grupo teve um aumento de 1,64%. Em janeiro, a alta foi 1,65%.<\/p>\n<p>A pesquisa mostra ainda que a classe B (com renda de R$ 7.324,34 a R$ 12.207,23) foi a mais impactada pela alta do custo de vida. A varia\u00e7\u00e3o nesse estrato social foi 1,48%. De acordo com a FecomercioSP, esse segmento \u00e9 o que mais gasta com educa\u00e7\u00e3o (9,9% do or\u00e7amento) e a segunda que mais gasta com transporte (23,3%).<\/p>\n<p>O \u00cdndice de Pre\u00e7os do Varejo (IPV), indicador que comp\u00f5e o custo de vida, avan\u00e7ou 1,21% em fevereiro. \u00c9 a maior alta desde janeiro de 2013, quando atingiu 1,29%. No acumulado dos \u00faltimos 12 meses, a eleva\u00e7\u00e3o \u00e9 5,29%. O principal respons\u00e1vel pelo acr\u00e9scimo foi o grupo transportes (3,67%). A gasolina teve alta de 7,53% e o etanol, 7,61%, em rela\u00e7\u00e3o a janeiro.<\/p>\n<p>Os economistas da FecomercioSP lembram que aumento do custo do combust\u00edvel tem rela\u00e7\u00e3o com a eleva\u00e7\u00e3o da tributa\u00e7\u00e3o para esse produto, anunciado em janeiro.\u201d[Isso] impactou significativamente e fez com que o produto fosse respons\u00e1vel por mais da metade da infla\u00e7\u00e3o no m\u00eas\u201d, destaca nota da federa\u00e7\u00e3o.<\/p>\n<p>O custo dos servi\u00e7os tamb\u00e9m subiu nesta apura\u00e7\u00e3o, com eleva\u00e7\u00e3o de 1,32% em fevereiro e 8,72% no acumulado dos \u00faltimos 12 meses. O grupo educa\u00e7\u00e3o foi o que mais contribuiu para o resultado, com alta de 6,82%. Os destaques foram os itens cursos de idiomas (9,3%), educa\u00e7\u00e3o infantil (9,1%), ensino m\u00e9dio (8,8%), curso de inform\u00e1tica (8,5%), ensino superior (5,1%) e curso t\u00e9cnico (5%).<\/p>\n<p>Camila Maciel \u2013 Rep\u00f3rter da Ag\u00eancia Brasil<br \/>\nEdi\u00e7\u00e3o: Jos\u00e9 Romildo<\/p>\n","protected":false},"excerpt":{"rendered":"<p>O custo de vida do paulistano subiu 1,26% em fevereiro na compara\u00e7\u00e3o com o m\u00eas anterior, aponta pesquisa mensal da Federa\u00e7\u00e3o do Com\u00e9rcio de Bens, Servi\u00e7os e Turismo de S\u00e3o Paulo (FecomercioSP). No acumulado do ano, o Custo de Vida por Classe Social (CVCS) registra alta de 2,48%. Ao somar os \u00edndices dos \u00faltimos 12 [&hellip;]<\/p>\n","protected":false},"author":2,"featured_media":57585,"comment_status":"open","ping_status":"closed","sticky":false,"template":"","format":"standard","meta":{"_genesis_hide_title":false,"_genesis_hide_breadcrumbs":false,"_genesis_hide_singular_image":false,"_genesis_hide_footer_widgets":false,"_genesis_custom_body_class":"","_genesis_custom_post_class":"","_genesis_layout":"","_jetpack_memberships_contains_paid_content":false,"footnotes":""},"categories":[22,7],"tags":[],"class_list":{"0":"post-68209","1":"post","2":"type-post","3":"status-publish","4":"format-standard","5":"has-post-thumbnail","7":"category-brasil","8":"category-economia","9":"entry","10":"gs-1","11":"gs-odd","12":"gs-even","13":"gs-featured-content-entry"},"jetpack_featured_media_url":"https:\/\/www.redenoticia.com.br\/noticia\/imagens\/analise-economia.jpg","jetpack_sharing_enabled":true,"jetpack_likes_enabled":true,"_links":{"self":[{"href":"https:\/\/www.redenoticia.com.br\/noticia\/wp-json\/wp\/v2\/posts\/68209","targetHints":{"allow":["GET"]}}],"collection":[{"href":"https:\/\/www.redenoticia.com.br\/noticia\/wp-json\/wp\/v2\/posts"}],"about":[{"href":"https:\/\/www.redenoticia.com.br\/noticia\/wp-json\/wp\/v2\/types\/post"}],"author":[{"embeddable":true,"href":"https:\/\/www.redenoticia.com.br\/noticia\/wp-json\/wp\/v2\/users\/2"}],"replies":[{"embeddable":true,"href":"https:\/\/www.redenoticia.com.br\/noticia\/wp-json\/wp\/v2\/comments?post=68209"}],"version-history":[{"count":0,"href":"https:\/\/www.redenoticia.com.br\/noticia\/wp-json\/wp\/v2\/posts\/68209\/revisions"}],"wp:featuredmedia":[{"embeddable":true,"href":"https:\/\/www.redenoticia.com.br\/noticia\/wp-json\/wp\/v2\/media\/57585"}],"wp:attachment":[{"href":"https:\/\/www.redenoticia.com.br\/noticia\/wp-json\/wp\/v2\/media?parent=68209"}],"wp:term":[{"taxonomy":"category","embeddable":true,"href":"https:\/\/www.redenoticia.com.br\/noticia\/wp-json\/wp\/v2\/categories?post=68209"},{"taxonomy":"post_tag","embeddable":true,"href":"https:\/\/www.redenoticia.com.br\/noticia\/wp-json\/wp\/v2\/tags?post=68209"}],"curies":[{"name":"wp","href":"https:\/\/api.w.org\/{rel}","templated":true}]}}