{"id":68207,"date":"2015-03-23T14:27:01","date_gmt":"2015-03-23T17:27:01","guid":{"rendered":"http:\/\/www.redenoticia.com.br\/noticia\/?p=68207"},"modified":"2015-03-23T14:27:01","modified_gmt":"2015-03-23T17:27:01","slug":"ipc-s-cai-na-terceira-previa-de-marco-e-preco-de-alimentos-perde-forca","status":"publish","type":"post","link":"https:\/\/www.redenoticia.com.br\/noticia\/2015\/ipc-s-cai-na-terceira-previa-de-marco-e-preco-de-alimentos-perde-forca\/68207","title":{"rendered":"IPC-S cai na terceira pr\u00e9via de mar\u00e7o e pre\u00e7o de alimentos perde for\u00e7a"},"content":{"rendered":"<p> O \u00cdndice de Pre\u00e7os ao Consumidor Semanal (<strong><em>IPC-S<\/em><\/strong>) ficou em 1,47%, na terceira pr\u00e9via de mar\u00e7o, abaixo da varia\u00e7\u00e3o ocorrida na segunda pr\u00e9via (1,49%). No entanto, dois dos oito grupos pesquisados tiveram avan\u00e7o em \u00edndices acima da pesquisa anterior: sa\u00fade e cuidados pessoais, de 0,71% para 0,83%, e habita\u00e7\u00e3o, de 2,58% para 3,19%.<\/p>\n<p>O levantamento feito pelo Instituto Brasileiro de Economia da Funda\u00e7\u00e3o Getulio Vargas (Ibre-FGV) mostra que, em habita\u00e7\u00e3o, o que puxou o aumento foi a tarifa de energia el\u00e9trica residencial com reajuste de 18,36% ante 13,29%. Em sa\u00fade e cuidados pessoais, as maiores corre\u00e7\u00f5es ocorreram no segmento de artigos de higiene e cuidados pessoais de 1,45% para 2,07%.<\/p>\n<p>J\u00e1 os alimentos subiram com menor intensidade, de 1,25% para 1,09%, com destaque para as hortali\u00e7as e legumes que continuaram em alta. Os reajustes desses alimentos perderam for\u00e7a na terceira pr\u00e9via de mar\u00e7o, com varia\u00e7\u00e3o de 6,24% ante 8,38%. No grupo despesas diversas, houve aumento de 0,83%, taxa um pouco abaixo da anterior (0,99%). Essa oscila\u00e7\u00e3o foi influenciada pelos cigarros, cujos pre\u00e7os aumentaram em m\u00e9dia 0,49% ante 0,84%.<\/p>\n<p> Em transportes, o \u00edndice tamb\u00e9m indicou eleva\u00e7\u00e3o inferior \u00e0 da \u00faltima apura\u00e7\u00e3o, de 2,05% para 1,42%. Neste caso, foi o reflexo da gasolina, com alta de 4,56% ante 6,48%. No grupo comunica\u00e7\u00e3o, a taxa apresentou varia\u00e7\u00e3o negativa de 0,06% ante uma alta de 0,07%, o que foi provocado pelo valor cobrado nas mensalidades de TV por assinatura de 0,55% para 0,15%.<\/p>\n<p>No grupo educa\u00e7\u00e3o, leitura e recrea\u00e7\u00e3o, o \u00edndice atingiu 0,68% ante uma varia\u00e7\u00e3o de 0,94%. Esse resultado se deve \u00e0 redu\u00e7\u00e3o no ritmo de corre\u00e7\u00e3o dos ingressos em salas de espet\u00e1culos, de 2,26% para 1,19%. Em vestu\u00e1rio, ocorreu queda mais expressiva, passando de -0,09% para -0,22%, com destaque para as roupas femininas, de -0,29% para -0,61%.<\/p>\n<p>Tais varia\u00e7\u00f5es foram calculadas com base na coleta de pre\u00e7os feita entre 23 de fevereiro a 22 de mar\u00e7o e comparada ao per\u00edodo de 23 de janeiro a 22 de fevereiro. Os cinco itens de maior press\u00e3o inflacion\u00e1ria foram: tarifa de energia el\u00e9trica residencial (18,36%); gasolina (4,56%); refei\u00e7\u00f5es em bares e restaurantes (0,86%); aluguel residencial (0,93%) e condom\u00ednio residencial (4,25%).<\/p>\n<p>J\u00e1 os cinco itens que mais contribu\u00edram para que o IPC-S aumentasse mais lentamente foram: batata inglesa (-5,38%); tarifa de telefone residencial (-0,82%); camisa masculina (-1,36%); blusa feminina (-1,12%) e frango em peda\u00e7os (-1,46%).<\/p>\n<p>Marli Moreira &#8211; Rep\u00f3rter da Ag\u00eancia Brasil<br \/>\nEdi\u00e7\u00e3o: Marcos Chagas<\/p>\n","protected":false},"excerpt":{"rendered":"<p>O \u00cdndice de Pre\u00e7os ao Consumidor Semanal (IPC-S) ficou em 1,47%, na terceira pr\u00e9via de mar\u00e7o, abaixo da varia\u00e7\u00e3o ocorrida na segunda pr\u00e9via (1,49%). No entanto, dois dos oito grupos pesquisados tiveram avan\u00e7o em \u00edndices acima da pesquisa anterior: sa\u00fade e cuidados pessoais, de 0,71% para 0,83%, e habita\u00e7\u00e3o, de 2,58% para 3,19%. O levantamento [&hellip;]<\/p>\n","protected":false},"author":2,"featured_media":57584,"comment_status":"open","ping_status":"closed","sticky":false,"template":"","format":"standard","meta":{"_genesis_hide_title":false,"_genesis_hide_breadcrumbs":false,"_genesis_hide_singular_image":false,"_genesis_hide_footer_widgets":false,"_genesis_custom_body_class":"","_genesis_custom_post_class":"","_genesis_layout":"","_jetpack_memberships_contains_paid_content":false,"footnotes":""},"categories":[22,7],"tags":[],"class_list":{"0":"post-68207","1":"post","2":"type-post","3":"status-publish","4":"format-standard","5":"has-post-thumbnail","7":"category-brasil","8":"category-economia","9":"entry","10":"gs-1","11":"gs-odd","12":"gs-even","13":"gs-featured-content-entry"},"jetpack_featured_media_url":"https:\/\/www.redenoticia.com.br\/noticia\/imagens\/economia-grafica-analise-inflacao.jpg","jetpack_sharing_enabled":true,"jetpack_likes_enabled":true,"_links":{"self":[{"href":"https:\/\/www.redenoticia.com.br\/noticia\/wp-json\/wp\/v2\/posts\/68207","targetHints":{"allow":["GET"]}}],"collection":[{"href":"https:\/\/www.redenoticia.com.br\/noticia\/wp-json\/wp\/v2\/posts"}],"about":[{"href":"https:\/\/www.redenoticia.com.br\/noticia\/wp-json\/wp\/v2\/types\/post"}],"author":[{"embeddable":true,"href":"https:\/\/www.redenoticia.com.br\/noticia\/wp-json\/wp\/v2\/users\/2"}],"replies":[{"embeddable":true,"href":"https:\/\/www.redenoticia.com.br\/noticia\/wp-json\/wp\/v2\/comments?post=68207"}],"version-history":[{"count":0,"href":"https:\/\/www.redenoticia.com.br\/noticia\/wp-json\/wp\/v2\/posts\/68207\/revisions"}],"wp:featuredmedia":[{"embeddable":true,"href":"https:\/\/www.redenoticia.com.br\/noticia\/wp-json\/wp\/v2\/media\/57584"}],"wp:attachment":[{"href":"https:\/\/www.redenoticia.com.br\/noticia\/wp-json\/wp\/v2\/media?parent=68207"}],"wp:term":[{"taxonomy":"category","embeddable":true,"href":"https:\/\/www.redenoticia.com.br\/noticia\/wp-json\/wp\/v2\/categories?post=68207"},{"taxonomy":"post_tag","embeddable":true,"href":"https:\/\/www.redenoticia.com.br\/noticia\/wp-json\/wp\/v2\/tags?post=68207"}],"curies":[{"name":"wp","href":"https:\/\/api.w.org\/{rel}","templated":true}]}}