{"id":68205,"date":"2015-03-23T14:30:40","date_gmt":"2015-03-23T17:30:40","guid":{"rendered":"http:\/\/www.redenoticia.com.br\/noticia\/?p=68205"},"modified":"2015-03-23T14:30:41","modified_gmt":"2015-03-23T17:30:41","slug":"mercado-projeta-dolar-a-r-315-e-inflacao-em-812-no-final-do-ano","status":"publish","type":"post","link":"https:\/\/www.redenoticia.com.br\/noticia\/2015\/mercado-projeta-dolar-a-r-315-e-inflacao-em-812-no-final-do-ano\/68205","title":{"rendered":"Mercado projeta d\u00f3lar a R$ 3,15 e infla\u00e7\u00e3o em 8,12% no final do ano"},"content":{"rendered":"<p> Os investidores e analistas do mercado financeiro veem o <strong><em>d\u00f3lar<\/em><\/strong> cotado a R$ 3,15 no final deste ano. A estimativa foi divulgada no boletim Focus, pesquisa feita semanalmente pelo Banco Central (BC) com institui\u00e7\u00f5es financeiras. Na sexta-feira (20\/03), a moeda norte-americana encerrou o preg\u00e3o cotada a R$ 3,296, o maior valor desde 1\u00b0 de abril de 2003, quando havia fechado em R$ 3,304. <\/p>\n<p>O mercado tamb\u00e9m voltou a elevar a proje\u00e7\u00e3o da infla\u00e7\u00e3o medida pelo \u00cdndice de Pre\u00e7os ao Consumidor Amplo (IPCA). Para os analistas, o \u00edndice fechar\u00e1 o ano com alta de 8,12%, e n\u00e3o mais de 7,93% como previsto na semana anterior. \u00c9 a primeira vez este ano que a previs\u00e3o ultrapassa 8%. Boa parte da alta da infla\u00e7\u00e3o est\u00e1 vinculada aos pre\u00e7os administrados, regulados pelo governo, como o da gasolina e o da energia. De acordo com a proje\u00e7\u00e3o do Focus, este ano, eles ter\u00e3o alta de 12,6%, e n\u00e3o mais de 12%, como estimado anteriormente.<\/p>\n<p>Quanto ao Produto Interno Bruto (PIB, soma dos bens e servi\u00e7os produzidos por um pa\u00eds), a proje\u00e7\u00e3o \u00e9 que a economia brasileira ter\u00e1 retra\u00e7\u00e3o de 0,83%. Na semana anterior, havia sido estimada queda de 0,78%. J\u00e1 para a produ\u00e7\u00e3o industrial, o recuo projetado para o fim deste ano permanece em 2,19%.<\/p>\n<p>A expectativa para fechamento da Selic, taxa b\u00e1sica de juros da economia e principal instrumento do BC para controle da infla\u00e7\u00e3o, permaneceu em 13% ao ano. Isso significa que o mercado espera que o Comit\u00ea de Pol\u00edtica Monet\u00e1ria (Copom) eleve a taxa mais uma vez este ano, em 0,25 ponto percentual. No in\u00edcio de mar\u00e7o, o Copom subiu a Selic em 0,5 ponto percentual, para 12,75% ao ano. Na ocasi\u00e3o, o patamar de eleva\u00e7\u00e3o confirmou as previs\u00f5es da maioria dos analistas.<\/p>\n<p>A estimativa da d\u00edvida l\u00edquida do setor p\u00fablico permaneceu em 38% do PIB. A proje\u00e7\u00e3o do d\u00e9ficit em conta-corrente, que mede a qualidade das contas externas, cresceu, ficando em US$ 79,8 bilh\u00f5es, acima dos US$ 79,5 bilh\u00f5es anteriores. O saldo projetado para a balan\u00e7a comercial subiu de US$ 3 bilh\u00f5es para US$ 3,5 bilh\u00f5es, enquanto os investimentos estrangeiros estimados diminu\u00edram de US$ 57,5 bilh\u00f5es para US$ 56,5 bilh\u00f5es.<\/p>\n<p>Mariana Branco &#8211; Rep\u00f3rter da Ag\u00eancia Brasil<br \/>\nEdi\u00e7\u00e3o: Jos\u00e9 Romildo<\/p>\n","protected":false},"excerpt":{"rendered":"<p>Os investidores e analistas do mercado financeiro veem o d\u00f3lar cotado a R$ 3,15 no final deste ano. A estimativa foi divulgada no boletim Focus, pesquisa feita semanalmente pelo Banco Central (BC) com institui\u00e7\u00f5es financeiras. Na sexta-feira (20\/03), a moeda norte-americana encerrou o preg\u00e3o cotada a R$ 3,296, o maior valor desde 1\u00b0 de abril [&hellip;]<\/p>\n","protected":false},"author":2,"featured_media":38938,"comment_status":"open","ping_status":"closed","sticky":false,"template":"","format":"standard","meta":{"_genesis_hide_title":false,"_genesis_hide_breadcrumbs":false,"_genesis_hide_singular_image":false,"_genesis_hide_footer_widgets":false,"_genesis_custom_body_class":"","_genesis_custom_post_class":"","_genesis_layout":"","_jetpack_memberships_contains_paid_content":false,"footnotes":""},"categories":[22,7],"tags":[],"class_list":{"0":"post-68205","1":"post","2":"type-post","3":"status-publish","4":"format-standard","5":"has-post-thumbnail","7":"category-brasil","8":"category-economia","9":"entry","10":"gs-1","11":"gs-odd","12":"gs-even","13":"gs-featured-content-entry"},"jetpack_featured_media_url":"https:\/\/www.redenoticia.com.br\/noticia\/imagens\/economia1.jpg","jetpack_sharing_enabled":true,"jetpack_likes_enabled":true,"_links":{"self":[{"href":"https:\/\/www.redenoticia.com.br\/noticia\/wp-json\/wp\/v2\/posts\/68205","targetHints":{"allow":["GET"]}}],"collection":[{"href":"https:\/\/www.redenoticia.com.br\/noticia\/wp-json\/wp\/v2\/posts"}],"about":[{"href":"https:\/\/www.redenoticia.com.br\/noticia\/wp-json\/wp\/v2\/types\/post"}],"author":[{"embeddable":true,"href":"https:\/\/www.redenoticia.com.br\/noticia\/wp-json\/wp\/v2\/users\/2"}],"replies":[{"embeddable":true,"href":"https:\/\/www.redenoticia.com.br\/noticia\/wp-json\/wp\/v2\/comments?post=68205"}],"version-history":[{"count":0,"href":"https:\/\/www.redenoticia.com.br\/noticia\/wp-json\/wp\/v2\/posts\/68205\/revisions"}],"wp:featuredmedia":[{"embeddable":true,"href":"https:\/\/www.redenoticia.com.br\/noticia\/wp-json\/wp\/v2\/media\/38938"}],"wp:attachment":[{"href":"https:\/\/www.redenoticia.com.br\/noticia\/wp-json\/wp\/v2\/media?parent=68205"}],"wp:term":[{"taxonomy":"category","embeddable":true,"href":"https:\/\/www.redenoticia.com.br\/noticia\/wp-json\/wp\/v2\/categories?post=68205"},{"taxonomy":"post_tag","embeddable":true,"href":"https:\/\/www.redenoticia.com.br\/noticia\/wp-json\/wp\/v2\/tags?post=68205"}],"curies":[{"name":"wp","href":"https:\/\/api.w.org\/{rel}","templated":true}]}}