{"id":68105,"date":"2015-03-20T16:03:29","date_gmt":"2015-03-20T19:03:29","guid":{"rendered":"http:\/\/www.redenoticia.com.br\/noticia\/?p=68105"},"modified":"2015-03-20T16:03:29","modified_gmt":"2015-03-20T19:03:29","slug":"mudancas-na-internet-vao-permitir-capacidade-quase-infinita-de-conexoes","status":"publish","type":"post","link":"https:\/\/www.redenoticia.com.br\/noticia\/2015\/mudancas-na-internet-vao-permitir-capacidade-quase-infinita-de-conexoes\/68105","title":{"rendered":"Mudan\u00e7as na internet v\u00e3o permitir capacidade &#8220;quase infinita&#8221; de conex\u00f5es"},"content":{"rendered":"<p> O crescimento exponencial de equipamentos conectados \u00e0 <strong><em>internet<\/em><\/strong>levou a Ag\u00eancia Nacional de Telecomunica\u00e7\u00f5es (Anatel) a adotar uma medida similar \u00e0 feita em linhas telef\u00f4nicas. Assim como foi necess\u00e1rio acrescentar um d\u00edgito nos n\u00fameros de telefone para atender ao crescimento da demanda, os endere\u00e7os de protocolo chamados IPv4 \u2013 n\u00famero de identifica\u00e7\u00e3o que permite a conex\u00e3o dos equipamentos \u00e0 internet \u2013 j\u00e1 est\u00e3o dando lugar a uma nova vers\u00e3o com capacidade \u201cquase infinitamente maior\u201d: o IPv6.<\/p>\n<p>\u201c\u00c9 uma quantidade t\u00e3o absurda de IPs poss\u00edveis, que daria para colocar um endere\u00e7o em cada gr\u00e3o de areia existente na Terra\u201d, explica o superintendente de Planejamento e Regulamenta\u00e7\u00e3o da Anatel, Jos\u00e9 Alexandre Bicalho.<\/p>\n<p>Respons\u00e1vel pela coordena\u00e7\u00e3o da transi\u00e7\u00e3o das tecnologias, o superintendente explica que os 340 undecilh\u00f5es (o equivalente a 36 zeros ap\u00f3s o 340) de endere\u00e7os poss\u00edveis a partir do novo protocolo vai permitir que cada habitante do planeta tenha 48&#215;10 elevado a 18\u00aa pot\u00eancia de equipamentos conectados. &#8220;\u00c9 muito improv\u00e1vel que, algum dia, esse n\u00famero se esgote&#8221;, disse ele. A solu\u00e7\u00e3o para a amplia\u00e7\u00e3o dos IPs \u00e9 semelhante \u00e0 adotada para aumentar o n\u00famero de linhas telef\u00f4nicas, com o acr\u00e9scimo de um d\u00edgito ao prefixo da linha. S\u00f3 que, no caso da internet, s\u00e3o v\u00e1rios n\u00fameros a mais.<\/p>\n<p>\u201cA diferen\u00e7a \u00e9 que, no caso da transi\u00e7\u00e3o desses IPs, isso n\u00e3o \u00e9 feito de forma t\u00e3o simples \u2013 e n\u00e3o pode ser feito de forma abrupta \u2013 por causa da complexidade das redes e da quantidade de dados colocada nela\u201d, disse Bicalho. Segundo ele, as mudan\u00e7as v\u00e3o passar praticamente impercept\u00edveis para os usu\u00e1rios, com apenas algumas atualiza\u00e7\u00f5es de softwares. \u201cN\u00e3o \u00e9 necess\u00e1rio fazer absolutamente nada, at\u00e9 porque essa altera\u00e7\u00e3o j\u00e1 vem sendo feita, uma vez que o IPv4 j\u00e1 se esgotou e s\u00f3 funciona por meio de solu\u00e7\u00f5es paliativas.\u201d<\/p>\n<p>H\u00e1 pelo menos dois anos, novos equipamentos j\u00e1 s\u00e3o vendidos com a tecnologia atualizada. Al\u00e9m disso, novos usu\u00e1rios tamb\u00e9m acessam a rede com IPv6. De acordo com a Anatel, haver\u00e1 um per\u00edodo de conviv\u00eancia entre os dois protocolos e ainda n\u00e3o est\u00e1 definido quando o IPv4 deixar\u00e1 de ser usado.<\/p>\n<p>\u201cA migra\u00e7\u00e3o ser\u00e1 completa, mas provavelmente o IPv4 permanecer\u00e1 por v\u00e1rios anos convivendo simultaneamente. Falamos em um prazo de quatro anos, mas ele certamente ser\u00e1 estendido. As operadoras, inclusive, j\u00e1 solicitaram prazos maiores para localidades com menos usu\u00e1rios, principalmente no interior do pa\u00eds\u201d, disse o superintendente da Anatel.<\/p>\n<p>Pedro Peduzzi \u2013 Rep\u00f3rter da Ag\u00eancia Brasil<br \/>\nEdi\u00e7\u00e3o: Denise Griesinger<\/p>\n","protected":false},"excerpt":{"rendered":"<p>O crescimento exponencial de equipamentos conectados \u00e0 internetlevou a Ag\u00eancia Nacional de Telecomunica\u00e7\u00f5es (Anatel) a adotar uma medida similar \u00e0 feita em linhas telef\u00f4nicas. Assim como foi necess\u00e1rio acrescentar um d\u00edgito nos n\u00fameros de telefone para atender ao crescimento da demanda, os endere\u00e7os de protocolo chamados IPv4 \u2013 n\u00famero de identifica\u00e7\u00e3o que permite a conex\u00e3o [&hellip;]<\/p>\n","protected":false},"author":2,"featured_media":57576,"comment_status":"open","ping_status":"closed","sticky":false,"template":"","format":"standard","meta":{"_genesis_hide_title":false,"_genesis_hide_breadcrumbs":false,"_genesis_hide_singular_image":false,"_genesis_hide_footer_widgets":false,"_genesis_custom_body_class":"","_genesis_custom_post_class":"","_genesis_layout":"","_jetpack_memberships_contains_paid_content":false,"footnotes":""},"categories":[22],"tags":[],"class_list":{"0":"post-68105","1":"post","2":"type-post","3":"status-publish","4":"format-standard","5":"has-post-thumbnail","7":"category-brasil","8":"entry","9":"gs-1","10":"gs-odd","11":"gs-even","12":"gs-featured-content-entry"},"jetpack_featured_media_url":"https:\/\/www.redenoticia.com.br\/noticia\/imagens\/tecnologia1.jpg","jetpack_sharing_enabled":true,"jetpack_likes_enabled":true,"_links":{"self":[{"href":"https:\/\/www.redenoticia.com.br\/noticia\/wp-json\/wp\/v2\/posts\/68105","targetHints":{"allow":["GET"]}}],"collection":[{"href":"https:\/\/www.redenoticia.com.br\/noticia\/wp-json\/wp\/v2\/posts"}],"about":[{"href":"https:\/\/www.redenoticia.com.br\/noticia\/wp-json\/wp\/v2\/types\/post"}],"author":[{"embeddable":true,"href":"https:\/\/www.redenoticia.com.br\/noticia\/wp-json\/wp\/v2\/users\/2"}],"replies":[{"embeddable":true,"href":"https:\/\/www.redenoticia.com.br\/noticia\/wp-json\/wp\/v2\/comments?post=68105"}],"version-history":[{"count":0,"href":"https:\/\/www.redenoticia.com.br\/noticia\/wp-json\/wp\/v2\/posts\/68105\/revisions"}],"wp:featuredmedia":[{"embeddable":true,"href":"https:\/\/www.redenoticia.com.br\/noticia\/wp-json\/wp\/v2\/media\/57576"}],"wp:attachment":[{"href":"https:\/\/www.redenoticia.com.br\/noticia\/wp-json\/wp\/v2\/media?parent=68105"}],"wp:term":[{"taxonomy":"category","embeddable":true,"href":"https:\/\/www.redenoticia.com.br\/noticia\/wp-json\/wp\/v2\/categories?post=68105"},{"taxonomy":"post_tag","embeddable":true,"href":"https:\/\/www.redenoticia.com.br\/noticia\/wp-json\/wp\/v2\/tags?post=68105"}],"curies":[{"name":"wp","href":"https:\/\/api.w.org\/{rel}","templated":true}]}}