{"id":68103,"date":"2015-03-20T15:54:51","date_gmt":"2015-03-20T18:54:51","guid":{"rendered":"http:\/\/www.redenoticia.com.br\/noticia\/?p=68103"},"modified":"2015-03-20T15:54:51","modified_gmt":"2015-03-20T18:54:51","slug":"indice-de-confianca-do-consumidor-paulistano-cai-15-em-marco","status":"publish","type":"post","link":"https:\/\/www.redenoticia.com.br\/noticia\/2015\/indice-de-confianca-do-consumidor-paulistano-cai-15-em-marco\/68103","title":{"rendered":"\u00cdndice de confian\u00e7a do consumidor paulistano cai 15% em mar\u00e7o"},"content":{"rendered":"<p> A <strong><em>confian\u00e7a do consumidor paulistano<\/em><\/strong> atingiu 106,9 pontos em mar\u00e7o, queda de 15% na compara\u00e7\u00e3o com igual per\u00edodo do ano passado, que chegou a 125,8 pontos. A marca \u00e9 a pior desde outubro de 2003, quando o registro alcan\u00e7ou 104,7 pontos, segundo pesquisa mensal do \u00cdndice de Confian\u00e7a do Consumidor, da Federa\u00e7\u00e3o do Com\u00e9rcio de Bens, Servi\u00e7os e Turismo do Estado de S\u00e3o Paulo (FecomercioSP). Com rela\u00e7\u00e3o a fevereiro deste ano, o recuo foi de 5,3%.<\/p>\n<p>De acordo com o crit\u00e9rio da pesquisa, iniciada em 1994, em uma escala de zero a 200, sempre que ultrapassa a barreira dos 100 pontos, a percep\u00e7\u00e3o \u00e9 interpretada como otimista. Quando cai abaixo de 100 pontos, o comportamento \u00e9 classificado de pessimista.<\/p>\n<p>O levantamento tem por base 2,1 milh\u00f5es de consumidores da cidade de S\u00e3o Paulo, leva em conta a percep\u00e7\u00e3o dos entrevistados em rela\u00e7\u00e3o ao momento atual e tamb\u00e9m a expectativa de consumo para os pr\u00f3ximos tr\u00eas meses.<\/p>\n<p> Conforme a FecomercioSP, o resultado est\u00e1 pr\u00f3ximo do limite entre a insatisfa\u00e7\u00e3o e o otimismo. De acordo com o \u00f3rg\u00e3o, desde 2013 verifica-se um comportamento de crescente incerteza tanto em rela\u00e7\u00e3o ao momento atual quanto no curto prazo. Para a Fecom\u00e9rcioSP, at\u00e9 2005, independentemente das incertezas do momento, havia sempre uma esperan\u00e7a de melhora.<\/p>\n<p>\u201cOs atuais ajustes econ\u00f4micos, a acelera\u00e7\u00e3o da infla\u00e7\u00e3o, conten\u00e7\u00e3o do cr\u00e9dito e taxas de juros elevadas atingem diretamente a vida financeira dos consumidores e, por tabela, o espa\u00e7o no or\u00e7amento para novas compras,\u201d justificou a assessoria econ\u00f4mica do \u00f3rg\u00e3o. Acrescentou que a queda de confian\u00e7a \u201cparece estar relacionada ao momento de instabilidade socioecon\u00f4mica em que o Brasil se encontra\u201d.<\/p>\n<p>No per\u00edodo, as duas tabelas que comp\u00f5em o \u00cdndice de Confian\u00e7a ca\u00edram. O \u00cdndice de Condi\u00e7\u00f5es Econ\u00f4micas Atuais (ICEA) apresentou queda de 5,8% sobre fevereiro, caindo de 109,7 pontos para 103,3 pontos. Comparado ao mesmo m\u00eas de 2014, registrou redu\u00e7\u00e3o de 22%.<\/p>\n<p>Ainda na compara\u00e7\u00e3o com fevereiro, o \u00cdndice de Expectativas do Consumidor (IEC) recuou 5%, passando de 115,1 pontos para 109,3. Sobre mar\u00e7o de 2014, a diminui\u00e7\u00e3o atingiu 10%.<\/p>\n<p>Na sondagem sobre o momento atual, as mulheres, com 98,6 pontos, s\u00e3o mais pessimistas que os homens. O receio em rela\u00e7\u00e3o ao desaquecimento \u00e9 maior entre pessoas com mais de 35 anos. Neste universo, a confian\u00e7a caiu 4,8% sobre fevereiro \u00faltimo. Entre os entrevistados do sexo masculino, a confian\u00e7a caiu de 117,7 pontos para 108,5 pontos, ou seja, 7,8%.<\/p>\n<p>Quanto \u00e0 percep\u00e7\u00e3o sobre o futuro, os destaques foram os consumidores com renda inferior a dez sal\u00e1rios m\u00ednimos, com recuo de 6% (de 119,7 para 112,5 pontos), e idade igual ou superior a 35 anos, com queda de 6,1% ( de 111,6 para 104,7 pontos).<\/p>\n<p>Marli Moreira &#8211; Rep\u00f3rter da Ag\u00eancia Brasil<br \/>\nEdi\u00e7\u00e3o: Armando Cardoso<\/p>\n","protected":false},"excerpt":{"rendered":"<p>A confian\u00e7a do consumidor paulistano atingiu 106,9 pontos em mar\u00e7o, queda de 15% na compara\u00e7\u00e3o com igual per\u00edodo do ano passado, que chegou a 125,8 pontos. A marca \u00e9 a pior desde outubro de 2003, quando o registro alcan\u00e7ou 104,7 pontos, segundo pesquisa mensal do \u00cdndice de Confian\u00e7a do Consumidor, da Federa\u00e7\u00e3o do Com\u00e9rcio de [&hellip;]<\/p>\n","protected":false},"author":2,"featured_media":57583,"comment_status":"open","ping_status":"closed","sticky":false,"template":"","format":"standard","meta":{"_genesis_hide_title":false,"_genesis_hide_breadcrumbs":false,"_genesis_hide_singular_image":false,"_genesis_hide_footer_widgets":false,"_genesis_custom_body_class":"","_genesis_custom_post_class":"","_genesis_layout":"","_jetpack_memberships_contains_paid_content":false,"footnotes":""},"categories":[22,7],"tags":[],"class_list":{"0":"post-68103","1":"post","2":"type-post","3":"status-publish","4":"format-standard","5":"has-post-thumbnail","7":"category-brasil","8":"category-economia","9":"entry","10":"gs-1","11":"gs-odd","12":"gs-even","13":"gs-featured-content-entry"},"jetpack_featured_media_url":"https:\/\/www.redenoticia.com.br\/noticia\/imagens\/economia-grafico.jpg","jetpack_sharing_enabled":true,"jetpack_likes_enabled":true,"_links":{"self":[{"href":"https:\/\/www.redenoticia.com.br\/noticia\/wp-json\/wp\/v2\/posts\/68103","targetHints":{"allow":["GET"]}}],"collection":[{"href":"https:\/\/www.redenoticia.com.br\/noticia\/wp-json\/wp\/v2\/posts"}],"about":[{"href":"https:\/\/www.redenoticia.com.br\/noticia\/wp-json\/wp\/v2\/types\/post"}],"author":[{"embeddable":true,"href":"https:\/\/www.redenoticia.com.br\/noticia\/wp-json\/wp\/v2\/users\/2"}],"replies":[{"embeddable":true,"href":"https:\/\/www.redenoticia.com.br\/noticia\/wp-json\/wp\/v2\/comments?post=68103"}],"version-history":[{"count":0,"href":"https:\/\/www.redenoticia.com.br\/noticia\/wp-json\/wp\/v2\/posts\/68103\/revisions"}],"wp:featuredmedia":[{"embeddable":true,"href":"https:\/\/www.redenoticia.com.br\/noticia\/wp-json\/wp\/v2\/media\/57583"}],"wp:attachment":[{"href":"https:\/\/www.redenoticia.com.br\/noticia\/wp-json\/wp\/v2\/media?parent=68103"}],"wp:term":[{"taxonomy":"category","embeddable":true,"href":"https:\/\/www.redenoticia.com.br\/noticia\/wp-json\/wp\/v2\/categories?post=68103"},{"taxonomy":"post_tag","embeddable":true,"href":"https:\/\/www.redenoticia.com.br\/noticia\/wp-json\/wp\/v2\/tags?post=68103"}],"curies":[{"name":"wp","href":"https:\/\/api.w.org\/{rel}","templated":true}]}}