{"id":68101,"date":"2015-03-20T15:47:02","date_gmt":"2015-03-20T18:47:02","guid":{"rendered":"http:\/\/www.redenoticia.com.br\/noticia\/?p=68101"},"modified":"2015-03-20T15:47:02","modified_gmt":"2015-03-20T18:47:02","slug":"ipca-15-tem-alta-de-35-nos-tres-primeiros-meses-de-2015","status":"publish","type":"post","link":"https:\/\/www.redenoticia.com.br\/noticia\/2015\/ipca-15-tem-alta-de-35-nos-tres-primeiros-meses-de-2015\/68101","title":{"rendered":"IPCA-15 tem alta de 3,5% nos tr\u00eas primeiros meses de 2015"},"content":{"rendered":"<p> A <strong><em>infla\u00e7\u00e3o<\/em><\/strong> medida pelo \u00cdndice Nacional de Pre\u00e7os ao Consumidor Amplo 15 (IPCA-15) apresentou varia\u00e7\u00e3o de 1,24% em mar\u00e7o, com ligeiro recuo em rela\u00e7\u00e3o a fevereiro deste ano ao cair 0,09 ponto percentual em rela\u00e7\u00e3o aos 1,33% do m\u00eas anterior.<\/p>\n<p>O indicador foi divulgado pelo Instituto Brasileiro de Geografia e Estat\u00edstica (IBGE). Com o resultado de mar\u00e7o, o IPCA-15, uma pr\u00e9via do IPCA, a infla\u00e7\u00e3o oficial do pa\u00eds, passou a acumular nos primeiros tr\u00eas meses do ano alta de 3,5%, com a alta acumulada nos \u00faltimos 12 meses registrando 7,9%. Em mar\u00e7o do ano passado, o IPCA-15 fechou em 0,73%.<\/p>\n<p>Com o resultado de mar\u00e7o do IPCA-15, o \u00cdndice de Pre\u00e7os ao Consumidor Especial (IPCA-E) , que representa o IPCA-15 acumulado por trimestre, foi 3,5%, acima da taxa de 2,11% registrada nos tr\u00eas primeiros meses de 2014. No acumulado dos \u00faltimos 12 meses, o \u00edndice foi 7,9%, o maior desde maio de 2005 (8,19%). Em mar\u00e7o de 2014, o IPCA-15 foi 0,73%.<\/p>\n<p> Segundo o IBGE, a taxa de 1,24% \u00e9 explicada pelos aumentos nas contas da energia el\u00e9trica e nos pre\u00e7os dos combust\u00edveis e alimentos que, juntos, foram respons\u00e1veis por 77,42% do \u00edndice do m\u00eas e sobre o qual exerceram impacto de 0,96 ponto percentual. Com o aumento de 10,91% na energia el\u00e9trica, o grupo habita\u00e7\u00e3o teve o maior resultado no m\u00eas de mar\u00e7o, de 2,78%.<\/p>\n<p>Individualmente, com 0,35 ponto percentual, coube \u00e0s contas de energia el\u00e9trica a lideran\u00e7a no ranking dos principais impactos. A forte eleva\u00e7\u00e3o de 10,91% ocorrida nas contas refletiu reajustes que passaram a vigorar a partir do dia 2 de mar\u00e7o \u2013 tanto na bandeira tarif\u00e1ria vigente, a vermelha, que aumentou 83,33% ao passar de R$ 3 para R$ 5,50, quanto nas tarifas, tendo em vista a aplica\u00e7\u00e3o de reajustes extraordin\u00e1rios.<\/p>\n<p>Com eleva\u00e7\u00e3o de 6,25%, os combust\u00edveis exerceram impacto de 0,31 ponto percentual sobre o \u00edndice do m\u00eas, sendo 0,26 ponto percentual de responsabilidade da gasolina, cujos pre\u00e7os subiram 6,68%.<\/p>\n<p>Por regi\u00e3o, os aumentos da gasolina variaram de 4,41% em Goi\u00e2nia at\u00e9 9,22% no Recife. A alta da gasolina reflete, nas bombas, o reajuste das al\u00edquotas do PIS\/Cofins autorizado a partir de primeiro de fevereiro e que incidiu, tamb\u00e9m, sobre o \u00f3leo diesel, que ficou 4,05% mais caro. O consumidor passou a pagar, ainda, 5,32% a mais pelo litro do etanol. Com isto, IPCA-15 do grupo Transportes fechou o m\u00eas em 1,91%.<\/p>\n<p>Nos alimentos a alta foi 1,22%, sob press\u00e3o de v\u00e1rios produtos importantes na despesa das fam\u00edlias, especialmente cebola (19,07%), cenoura (18,32%), tomate (13,04%), ovos (12,01%), hortali\u00e7as (7,62%) e feij\u00e3o-carioca (4,17%).<\/p>\n<p>O indicador refere-se \u00e0s fam\u00edlias com rendimento de 1 a 40 sal\u00e1rios m\u00ednimos e abrange as regi\u00f5es metropolitanas do Rio de Janeiro, Porto Alegre, Belo Horizonte, Recife, S\u00e3o Paulo, Bel\u00e9m, Fortaleza, Salvador e Curitiba, al\u00e9m de Bras\u00edlia e Goi\u00e2nia. A metodologia utilizada \u00e9 a mesma do IPCA, a diferen\u00e7a est\u00e1 no per\u00edodo de coleta dos pre\u00e7os e na abrang\u00eancia geogr\u00e1fica.<\/p>\n<p>Nielmar de Oliveira &#8211; Rep\u00f3rter da Ag\u00eancia Brasil<br \/>\nEdi\u00e7\u00e3o: Marcos Chagas<\/p>\n","protected":false},"excerpt":{"rendered":"<p>A infla\u00e7\u00e3o medida pelo \u00cdndice Nacional de Pre\u00e7os ao Consumidor Amplo 15 (IPCA-15) apresentou varia\u00e7\u00e3o de 1,24% em mar\u00e7o, com ligeiro recuo em rela\u00e7\u00e3o a fevereiro deste ano ao cair 0,09 ponto percentual em rela\u00e7\u00e3o aos 1,33% do m\u00eas anterior. O indicador foi divulgado pelo Instituto Brasileiro de Geografia e Estat\u00edstica (IBGE). Com o resultado [&hellip;]<\/p>\n","protected":false},"author":2,"featured_media":34916,"comment_status":"open","ping_status":"closed","sticky":false,"template":"","format":"standard","meta":{"_genesis_hide_title":false,"_genesis_hide_breadcrumbs":false,"_genesis_hide_singular_image":false,"_genesis_hide_footer_widgets":false,"_genesis_custom_body_class":"","_genesis_custom_post_class":"","_genesis_layout":"","_jetpack_memberships_contains_paid_content":false,"footnotes":""},"categories":[22,7],"tags":[],"class_list":{"0":"post-68101","1":"post","2":"type-post","3":"status-publish","4":"format-standard","5":"has-post-thumbnail","7":"category-brasil","8":"category-economia","9":"entry","10":"gs-1","11":"gs-odd","12":"gs-even","13":"gs-featured-content-entry"},"jetpack_featured_media_url":"https:\/\/www.redenoticia.com.br\/noticia\/imagens\/inflacao.jpg","jetpack_sharing_enabled":true,"jetpack_likes_enabled":true,"_links":{"self":[{"href":"https:\/\/www.redenoticia.com.br\/noticia\/wp-json\/wp\/v2\/posts\/68101","targetHints":{"allow":["GET"]}}],"collection":[{"href":"https:\/\/www.redenoticia.com.br\/noticia\/wp-json\/wp\/v2\/posts"}],"about":[{"href":"https:\/\/www.redenoticia.com.br\/noticia\/wp-json\/wp\/v2\/types\/post"}],"author":[{"embeddable":true,"href":"https:\/\/www.redenoticia.com.br\/noticia\/wp-json\/wp\/v2\/users\/2"}],"replies":[{"embeddable":true,"href":"https:\/\/www.redenoticia.com.br\/noticia\/wp-json\/wp\/v2\/comments?post=68101"}],"version-history":[{"count":0,"href":"https:\/\/www.redenoticia.com.br\/noticia\/wp-json\/wp\/v2\/posts\/68101\/revisions"}],"wp:featuredmedia":[{"embeddable":true,"href":"https:\/\/www.redenoticia.com.br\/noticia\/wp-json\/wp\/v2\/media\/34916"}],"wp:attachment":[{"href":"https:\/\/www.redenoticia.com.br\/noticia\/wp-json\/wp\/v2\/media?parent=68101"}],"wp:term":[{"taxonomy":"category","embeddable":true,"href":"https:\/\/www.redenoticia.com.br\/noticia\/wp-json\/wp\/v2\/categories?post=68101"},{"taxonomy":"post_tag","embeddable":true,"href":"https:\/\/www.redenoticia.com.br\/noticia\/wp-json\/wp\/v2\/tags?post=68101"}],"curies":[{"name":"wp","href":"https:\/\/api.w.org\/{rel}","templated":true}]}}