{"id":68099,"date":"2015-03-20T15:44:41","date_gmt":"2015-03-20T18:44:41","guid":{"rendered":"http:\/\/www.redenoticia.com.br\/noticia\/?p=68099"},"modified":"2015-03-20T15:44:41","modified_gmt":"2015-03-20T18:44:41","slug":"emprego-industrial-cai-41-em-um-ano","status":"publish","type":"post","link":"https:\/\/www.redenoticia.com.br\/noticia\/2015\/emprego-industrial-cai-41-em-um-ano\/68099","title":{"rendered":"Emprego industrial cai 4,1% em um ano"},"content":{"rendered":"<p> O <strong><em>emprego industrial<\/em><\/strong> do pa\u00eds teve queda de 4,1%, em janeiro de 2015, comparado com igual per\u00edodo de 2014, informou o Instituto Brasileiro de Geografia e Estat\u00edstica (IBGE). Foi o quadrag\u00e9simo resultado negativo consecutivo nesse tipo de confronto anual. Os dados foram coletados pelo IBGE no \u00e2mbito da Pesquisa Industrial Mensal, Emprego e Sal\u00e1rio (Pimes).<\/p>\n<p>No confronto com igual m\u00eas do ano anterior, o contingente de trabalhadores registrou redu\u00e7\u00e3o em 17 dos 18 ramos pesquisados, com destaque para as press\u00f5es negativas dos seguintes setores: m\u00e1quinas e aparelhos eletroeletr\u00f4nicos e de comunica\u00e7\u00f5es, que caiu 11,3%; meios de transporte, que mostrou decl\u00ednio de 7,7%; produtos de metal, que teve decr\u00e9scimo de 7,7%.<\/p>\n<p>Tamb\u00e9m registraram decl\u00ednio os seguintes setores: produtos da ind\u00fastria de transforma\u00e7\u00e3o (-8,0%), m\u00e1quinas e equipamentos (4,5%), cal\u00e7ados e couro (-6,8%), alimentos e bebidas (-1,3%), vestu\u00e1rio (-3,9%), metalurgia b\u00e1sica (-6,3%) e papel e gr\u00e1fica (-3,3%). O \u00fanico impacto positivo sobre a m\u00e9dia da ind\u00fastria foi observado no setor de produtos qu\u00edmicos, que teve alta de 0,5%.<\/p>\n<p>Ao explicar as raz\u00f5es para a queda do emprego industrial, o gerente de An\u00e1lise e Estat\u00edstica do IBGE, Andr\u00e9 Macedo, disse que &#8220;os n\u00fameros correspondem a uma tend\u00eancia estrutural da ind\u00fastria brasileira&#8221;. O mercado de trabalho, segundo ele, reage aos sinais emitidos pela baixa confian\u00e7a do empresariado. Ele disse que os n\u00fameros negativos n\u00e3o se resumem ao emprego. &#8220;H\u00e1 tamb\u00e9m queda em outros fatores importantes ligados \u00e0 produ\u00e7\u00e3o: uma delas \u00e9 a queda da oferta de horas extras e de turnos extras de trabalho.&#8221;<\/p>\n<p>Nielmar de Oliveira &#8211; Rep\u00f3rter da Ag\u00eancia Brasil<br \/>\nEdi\u00e7\u00e3o: Jos\u00e9 Romildo<\/p>\n","protected":false},"excerpt":{"rendered":"<p>O emprego industrial do pa\u00eds teve queda de 4,1%, em janeiro de 2015, comparado com igual per\u00edodo de 2014, informou o Instituto Brasileiro de Geografia e Estat\u00edstica (IBGE). Foi o quadrag\u00e9simo resultado negativo consecutivo nesse tipo de confronto anual. Os dados foram coletados pelo IBGE no \u00e2mbito da Pesquisa Industrial Mensal, Emprego e Sal\u00e1rio (Pimes). [&hellip;]<\/p>\n","protected":false},"author":2,"featured_media":57585,"comment_status":"open","ping_status":"closed","sticky":false,"template":"","format":"standard","meta":{"_genesis_hide_title":false,"_genesis_hide_breadcrumbs":false,"_genesis_hide_singular_image":false,"_genesis_hide_footer_widgets":false,"_genesis_custom_body_class":"","_genesis_custom_post_class":"","_genesis_layout":"","_jetpack_memberships_contains_paid_content":false,"footnotes":""},"categories":[22,7],"tags":[],"class_list":{"0":"post-68099","1":"post","2":"type-post","3":"status-publish","4":"format-standard","5":"has-post-thumbnail","7":"category-brasil","8":"category-economia","9":"entry","10":"gs-1","11":"gs-odd","12":"gs-even","13":"gs-featured-content-entry"},"jetpack_featured_media_url":"https:\/\/www.redenoticia.com.br\/noticia\/imagens\/analise-economia.jpg","jetpack_sharing_enabled":true,"jetpack_likes_enabled":true,"_links":{"self":[{"href":"https:\/\/www.redenoticia.com.br\/noticia\/wp-json\/wp\/v2\/posts\/68099","targetHints":{"allow":["GET"]}}],"collection":[{"href":"https:\/\/www.redenoticia.com.br\/noticia\/wp-json\/wp\/v2\/posts"}],"about":[{"href":"https:\/\/www.redenoticia.com.br\/noticia\/wp-json\/wp\/v2\/types\/post"}],"author":[{"embeddable":true,"href":"https:\/\/www.redenoticia.com.br\/noticia\/wp-json\/wp\/v2\/users\/2"}],"replies":[{"embeddable":true,"href":"https:\/\/www.redenoticia.com.br\/noticia\/wp-json\/wp\/v2\/comments?post=68099"}],"version-history":[{"count":0,"href":"https:\/\/www.redenoticia.com.br\/noticia\/wp-json\/wp\/v2\/posts\/68099\/revisions"}],"wp:featuredmedia":[{"embeddable":true,"href":"https:\/\/www.redenoticia.com.br\/noticia\/wp-json\/wp\/v2\/media\/57585"}],"wp:attachment":[{"href":"https:\/\/www.redenoticia.com.br\/noticia\/wp-json\/wp\/v2\/media?parent=68099"}],"wp:term":[{"taxonomy":"category","embeddable":true,"href":"https:\/\/www.redenoticia.com.br\/noticia\/wp-json\/wp\/v2\/categories?post=68099"},{"taxonomy":"post_tag","embeddable":true,"href":"https:\/\/www.redenoticia.com.br\/noticia\/wp-json\/wp\/v2\/tags?post=68099"}],"curies":[{"name":"wp","href":"https:\/\/api.w.org\/{rel}","templated":true}]}}