{"id":68097,"date":"2015-03-20T15:23:18","date_gmt":"2015-03-20T18:23:18","guid":{"rendered":"http:\/\/www.redenoticia.com.br\/noticia\/?p=68097"},"modified":"2015-03-20T15:23:18","modified_gmt":"2015-03-20T18:23:18","slug":"estudo-mostra-aumento-medio-de-25-nos-itens-do-almoco-de-pascoa","status":"publish","type":"post","link":"https:\/\/www.redenoticia.com.br\/noticia\/2015\/estudo-mostra-aumento-medio-de-25-nos-itens-do-almoco-de-pascoa\/68097","title":{"rendered":"Estudo mostra aumento m\u00e9dio de 25% nos itens do almo\u00e7o de P\u00e1scoa"},"content":{"rendered":"<p> O <strong><em>almo\u00e7o de domingo de P\u00e1scoa<\/em><\/strong> vai pesar no bolso dos consumidores brasileiros este ano, custando 25,03% mais, em m\u00e9dia, do que o de 2014, diz estudo divulgado pelo Instituto Brasileiro de Economia da Funda\u00e7\u00e3o Getulio Vargas (Ibre-FGV).<\/p>\n<p>A alta dos itens da principal refei\u00e7\u00e3o da Semana Santa superou a infla\u00e7\u00e3o medida pelo \u00cdndice de Pre\u00e7os ao Consumidor (IPC-FGV), cuja varia\u00e7\u00e3o acumulada nos 12 meses findos em fevereiro foi 7,99%. Em 2014, o IPC anualizado at\u00e9 fevereiro cresceu 5,95%, enquanto os produtos do almo\u00e7o de P\u00e1scoa tiveram defla\u00e7\u00e3o de 0,26%.<\/p>\n<p>De acordo com a sondagem, as maiores varia\u00e7\u00f5es de alta foram observadas na batata-inglesa (63,49%) e na cebola (30,44%). <\/p>\n<p>O economista do Ibre, Andr\u00e9 Braz, esclareceu, entretanto, que, apesar desses itens terem registrado alta acima da infla\u00e7\u00e3o m\u00e9dia, n\u00e3o t\u00eam muito peso quando as fam\u00edlias v\u00e3o \u00e0s compras. \u201cEu diria que o que puxou mesmo o aumento do almo\u00e7o de P\u00e1scoa foi o pre\u00e7o do pescado, do vinho. Esses s\u00e3o itens indispens\u00e1veis e t\u00eam n\u00edvel de pre\u00e7o que compromete mais a renda das fam\u00edlias.\u201d<\/p>\n<p>Segundo Braz, o pescado fresco, por exemplo, \u00e9 um bom destaque, porque subiu em m\u00e9dia mais de 16% at\u00e9 agora, sem contar com a demanda da P\u00e1scoa. Ele acredita que o pre\u00e7o desse tipo de produto suba ainda mais daqui para a frente, porque muitos deixam para comprar perto do domingo de P\u00e1scoa, at\u00e9 para preservar a qualidade do item. &#8220;Paga-se mais caro porque muita gente vai procurar o produto.\u201d<\/p>\n<p>Na avalia\u00e7\u00e3o do economista, o aumento do consumo de energia, por causa do uso intenso de c\u00e2maras frigor\u00edficas, do combust\u00edvel dos barcos de pesca, dos sal\u00e1rios dos pescadores e do frete para distribui\u00e7\u00e3o do produto, ajuda a entender a eleva\u00e7\u00e3o do pre\u00e7o de pescados frescos na Semana Santa deste ano acima da infla\u00e7\u00e3o m\u00e9dia. Problemas no campo, em fun\u00e7\u00e3o da seca, explicam, por outro lado, o aumento dos produtos in natura, acrescentou Braz.<\/p>\n<p>Para que o consumidor n\u00e3o sinta tanto esses aumentos,o economista sugeriu que, em um almo\u00e7o em fam\u00edlia, cada um leve um item. \u201cNada mais justo que cada um participe com uma parte. \u00c9 uma estrat\u00e9gia para driblar a infla\u00e7\u00e3o\u201d, afirmou. Se a fam\u00edlia n\u00e3o vai se reunir nessa data, ele recomenda pesquisa de pre\u00e7os. \u201cPesquisar desde j\u00e1 onde comprar os alimentos para o almo\u00e7o especial [ficar] mais barato.\u201d Nesse caso, Braz ressaltou que a concorr\u00eancia ajuda a encontrar promo\u00e7\u00f5es de azeite, de vinho e at\u00e9 de bacalhau e de peixe fresco.<\/p>\n<p> A pesquisa da FGV mostra que o vinho teve aumento m\u00e9dio de 15,84% e os bombons e chocolates, de 9,32%. O bacalhau e o peixe tipo bacalhau, que integram o grupo de pescados salgados, tiveram queda similar \u00e0 registrada em 2014: 3,36%.<\/p>\n<p>O levantamento n\u00e3o incluiu os ovos de P\u00e1scoa que, segundo Braz, s\u00e3o os produto com maior apelo de compra, por causa das crian\u00e7as, e devem ficar com pre\u00e7o bem acima da varia\u00e7\u00e3o m\u00e9dia.<\/p>\n<p>Alana Gandra &#8211; Rep\u00f3rter da Ag\u00eancia Brasil<br \/>\nEdi\u00e7\u00e3o: A\u00e9cio Amado<\/p>\n","protected":false},"excerpt":{"rendered":"<p>O almo\u00e7o de domingo de P\u00e1scoa vai pesar no bolso dos consumidores brasileiros este ano, custando 25,03% mais, em m\u00e9dia, do que o de 2014, diz estudo divulgado pelo Instituto Brasileiro de Economia da Funda\u00e7\u00e3o Getulio Vargas (Ibre-FGV). A alta dos itens da principal refei\u00e7\u00e3o da Semana Santa superou a infla\u00e7\u00e3o medida pelo \u00cdndice de [&hellip;]<\/p>\n","protected":false},"author":2,"featured_media":25306,"comment_status":"open","ping_status":"closed","sticky":false,"template":"","format":"standard","meta":{"_genesis_hide_title":false,"_genesis_hide_breadcrumbs":false,"_genesis_hide_singular_image":false,"_genesis_hide_footer_widgets":false,"_genesis_custom_body_class":"","_genesis_custom_post_class":"","_genesis_layout":"","_jetpack_memberships_contains_paid_content":false,"footnotes":""},"categories":[22,7],"tags":[],"class_list":{"0":"post-68097","1":"post","2":"type-post","3":"status-publish","4":"format-standard","5":"has-post-thumbnail","7":"category-brasil","8":"category-economia","9":"entry","10":"gs-1","11":"gs-odd","12":"gs-even","13":"gs-featured-content-entry"},"jetpack_featured_media_url":"https:\/\/www.redenoticia.com.br\/noticia\/imagens\/receitas-pascoa.jpg","jetpack_sharing_enabled":true,"jetpack_likes_enabled":true,"_links":{"self":[{"href":"https:\/\/www.redenoticia.com.br\/noticia\/wp-json\/wp\/v2\/posts\/68097","targetHints":{"allow":["GET"]}}],"collection":[{"href":"https:\/\/www.redenoticia.com.br\/noticia\/wp-json\/wp\/v2\/posts"}],"about":[{"href":"https:\/\/www.redenoticia.com.br\/noticia\/wp-json\/wp\/v2\/types\/post"}],"author":[{"embeddable":true,"href":"https:\/\/www.redenoticia.com.br\/noticia\/wp-json\/wp\/v2\/users\/2"}],"replies":[{"embeddable":true,"href":"https:\/\/www.redenoticia.com.br\/noticia\/wp-json\/wp\/v2\/comments?post=68097"}],"version-history":[{"count":0,"href":"https:\/\/www.redenoticia.com.br\/noticia\/wp-json\/wp\/v2\/posts\/68097\/revisions"}],"wp:featuredmedia":[{"embeddable":true,"href":"https:\/\/www.redenoticia.com.br\/noticia\/wp-json\/wp\/v2\/media\/25306"}],"wp:attachment":[{"href":"https:\/\/www.redenoticia.com.br\/noticia\/wp-json\/wp\/v2\/media?parent=68097"}],"wp:term":[{"taxonomy":"category","embeddable":true,"href":"https:\/\/www.redenoticia.com.br\/noticia\/wp-json\/wp\/v2\/categories?post=68097"},{"taxonomy":"post_tag","embeddable":true,"href":"https:\/\/www.redenoticia.com.br\/noticia\/wp-json\/wp\/v2\/tags?post=68097"}],"curies":[{"name":"wp","href":"https:\/\/api.w.org\/{rel}","templated":true}]}}