{"id":68095,"date":"2015-03-20T15:14:56","date_gmt":"2015-03-20T18:14:56","guid":{"rendered":"http:\/\/www.redenoticia.com.br\/noticia\/?p=68095"},"modified":"2015-03-20T15:14:56","modified_gmt":"2015-03-20T18:14:56","slug":"governo-de-sp-lanca-9a-edicao-da-virada-cultural-2015","status":"publish","type":"post","link":"https:\/\/www.redenoticia.com.br\/noticia\/2015\/governo-de-sp-lanca-9a-edicao-da-virada-cultural-2015\/68095","title":{"rendered":"Governo de SP lan\u00e7a 9\u00aa edi\u00e7\u00e3o da Virada Cultural 2015"},"content":{"rendered":"<p>A <strong><em>Virada Cultural<\/em><\/strong> Paulista, uma das maiores festas populares do Estado de S\u00e3o Paulo, chega em 2015 \u00e0 9\u00aa edi\u00e7\u00e3o. Esse ano, o evento acontecer\u00e1 simultaneamente em 23 munic\u00edpios, em dois finais de semana: dias 23 e 24 e 30 e 31 de maio. Ser\u00e3o 24 horas de programa\u00e7\u00e3o cultural.<\/p>\n<p>A diversidade, que j\u00e1 \u00e9 caracter\u00edstica da Virada, d\u00e1 o tom da programa\u00e7\u00e3o, mesclando nomes tradicionais \u00e0s tend\u00eancias que marcam a pluralidade do cen\u00e1rio musical brasileiro.<\/p>\n<p>Al\u00e9m disso, nessa edi\u00e7\u00e3o, a Secretaria da Cultura est\u00e1 buscando ampliar a participa\u00e7\u00e3o dos munic\u00edpios na configura\u00e7\u00e3o dos palcos internos, com o objetivo de garantir maior visibilidade para a produ\u00e7\u00e3o local e integrar tamb\u00e9m os palcos paralelos \u00e0 programa\u00e7\u00e3o oficial. &#8220;A parceria oferece a todo o estado de S\u00e3o Paulo uma oportunidade \u00fanica de congra\u00e7amento, e pela m\u00fasica, pelo teatro, pela cultura e pela arte,&#8221; explicou o Secret\u00e1rio de Cultura, Marcelo Ara\u00fajo.<\/p>\n<p>No primeiro fim de semana, 23 e 24 de maio, a Virada Cultural Paulista ser\u00e1 realizada em Bauru, Botucatu, Franca, Indaiatuba, Limeira, Mar\u00edlia, Piracicaba, S\u00e3o Jo\u00e3o da Boa Vista, S\u00e3o Jos\u00e9 do Rio Preto, S\u00e3o Jos\u00e9 dos Campos e Sorocaba.<\/p>\n<p>J\u00e1 nos dias 30 e 31 de maio, o evento desembarca em Assis, Ara\u00e7atuba, Araraquara, Campinas, Caraguatatuba, Ilha Solteira, Mogi das Cruzes, Presidente Prudente, Registro, Ribeir\u00e3o Preto, Santa B\u00e1rbara D&#8217;Oeste e Santos.<\/p>\n<p>Para definir as atra\u00e7\u00f5es de cada cidade, os produtores e coordenadores se encontraram com representantes dos munic\u00edpios participantes, que indicaram o perfil de p\u00fablico das suas regi\u00f5es e os estilos de m\u00fasica e de g\u00eaneros culturais com maior destaque nas cidades.<\/p>\n<p>Dos artistas j\u00e1 confirmados, Elza Soares sobe aos palcos da Virada Cultural Paulista pela primeira vez, somando for\u00e7a com outros nomes relevantes da MPB. O evento tamb\u00e9m ter\u00e1 a participa\u00e7\u00e3o de artistas como Pitty, Tit\u00e3s, Zeca Baleiro, Emicida, Na\u00e7\u00e3o Zumbi, Jorge Arag\u00e3o, Ultraje a Rigor, Racionais MCs e muito mais.<\/p>\n<p>A Virada Cultural Paulista \u00e9 realizada pela Secretaria da Cultura do Estado de S\u00e3o Paulo em parceria com as prefeituras envolvidas, com o Sesc-SP e com o MIS &#8211; Museu da Imagem e do Som. &#8220;Gra\u00e7as a essas parcerias teremos \u00f3timas apresenta\u00e7\u00f5es musicais e nas mais diversas modalidades art\u00edsticas e culturais&#8221;, afirmou o governador Geraldo Alckmin.<\/p>\n<p>A lista completa de atra\u00e7\u00f5es confirmadas e aquelas que ser\u00e3o anunciadas em breve podem ser conferidas\u00a0no\u00a0.<\/p>\n<p>Do Portal do Governo do Estado<\/p>\n","protected":false},"excerpt":{"rendered":"<p>A Virada Cultural Paulista, uma das maiores festas populares do Estado de S\u00e3o Paulo, chega em 2015 \u00e0 9\u00aa edi\u00e7\u00e3o. Esse ano, o evento acontecer\u00e1 simultaneamente em 23 munic\u00edpios, em dois finais de semana: dias 23 e 24 e 30 e 31 de maio. Ser\u00e3o 24 horas de programa\u00e7\u00e3o cultural. A diversidade, que j\u00e1 \u00e9 [&hellip;]<\/p>\n","protected":false},"author":2,"featured_media":27918,"comment_status":"open","ping_status":"closed","sticky":false,"template":"","format":"standard","meta":{"_genesis_hide_title":false,"_genesis_hide_breadcrumbs":false,"_genesis_hide_singular_image":false,"_genesis_hide_footer_widgets":false,"_genesis_custom_body_class":"","_genesis_custom_post_class":"","_genesis_layout":"","_jetpack_memberships_contains_paid_content":false,"footnotes":""},"categories":[22],"tags":[],"class_list":{"0":"post-68095","1":"post","2":"type-post","3":"status-publish","4":"format-standard","5":"has-post-thumbnail","7":"category-brasil","8":"entry","9":"gs-1","10":"gs-odd","11":"gs-even","12":"gs-featured-content-entry"},"jetpack_featured_media_url":"https:\/\/www.redenoticia.com.br\/noticia\/imagens\/virada-cultural-sp-2010.jpg","jetpack_sharing_enabled":true,"jetpack_likes_enabled":true,"_links":{"self":[{"href":"https:\/\/www.redenoticia.com.br\/noticia\/wp-json\/wp\/v2\/posts\/68095","targetHints":{"allow":["GET"]}}],"collection":[{"href":"https:\/\/www.redenoticia.com.br\/noticia\/wp-json\/wp\/v2\/posts"}],"about":[{"href":"https:\/\/www.redenoticia.com.br\/noticia\/wp-json\/wp\/v2\/types\/post"}],"author":[{"embeddable":true,"href":"https:\/\/www.redenoticia.com.br\/noticia\/wp-json\/wp\/v2\/users\/2"}],"replies":[{"embeddable":true,"href":"https:\/\/www.redenoticia.com.br\/noticia\/wp-json\/wp\/v2\/comments?post=68095"}],"version-history":[{"count":0,"href":"https:\/\/www.redenoticia.com.br\/noticia\/wp-json\/wp\/v2\/posts\/68095\/revisions"}],"wp:featuredmedia":[{"embeddable":true,"href":"https:\/\/www.redenoticia.com.br\/noticia\/wp-json\/wp\/v2\/media\/27918"}],"wp:attachment":[{"href":"https:\/\/www.redenoticia.com.br\/noticia\/wp-json\/wp\/v2\/media?parent=68095"}],"wp:term":[{"taxonomy":"category","embeddable":true,"href":"https:\/\/www.redenoticia.com.br\/noticia\/wp-json\/wp\/v2\/categories?post=68095"},{"taxonomy":"post_tag","embeddable":true,"href":"https:\/\/www.redenoticia.com.br\/noticia\/wp-json\/wp\/v2\/tags?post=68095"}],"curies":[{"name":"wp","href":"https:\/\/api.w.org\/{rel}","templated":true}]}}