{"id":68056,"date":"2015-03-19T17:06:54","date_gmt":"2015-03-19T20:06:54","guid":{"rendered":"http:\/\/www.redenoticia.com.br\/noticia\/?p=68056"},"modified":"2015-03-19T17:06:54","modified_gmt":"2015-03-19T20:06:54","slug":"intencao-de-consumo-das-familias-tem-queda-de-61-em-marco","status":"publish","type":"post","link":"https:\/\/www.redenoticia.com.br\/noticia\/2015\/intencao-de-consumo-das-familias-tem-queda-de-61-em-marco\/68056","title":{"rendered":"Inten\u00e7\u00e3o de consumo das fam\u00edlias tem queda de 6,1% em mar\u00e7o"},"content":{"rendered":"<p> O <strong><em>\u00edndice de Inten\u00e7\u00e3o de Consumo das Fam\u00edlias<\/em><\/strong> (ICF) atingiu em mar\u00e7o deste ano, pelo segundo m\u00eas consecutivo, o menor n\u00edvel da s\u00e9rie hist\u00f3rica iniciada em janeiro de 2010, ao registrar queda de 6,1% em rela\u00e7\u00e3o a fevereiro \u00faltimo e de 11,9% em rela\u00e7\u00e3o a mar\u00e7o de 2014. O indicador fechou mar\u00e7o em 110,6 pontos e permanece ainda acima da zona de indiferen\u00e7a (100,0 pontos), indicando um n\u00edvel ainda favor\u00e1vel.<\/p>\n<p>As informa\u00e7\u00f5es sobre o ICF foram divulgadas pela Confedera\u00e7\u00e3o Nacional do Com\u00e9rcio de Bens, Servi\u00e7os e Turismo (CNC). Seis dos sete quesitos pesquisados est\u00e3o nos menores valores (emprego atual, renda atual, compra a prazo, n\u00edvel de consumo atual, perspectiva de consumo e momento para dur\u00e1veis).<\/p>\n<p>O \u00fanico item que n\u00e3o atingiu a m\u00ednima hist\u00f3rica refere-se \u00e0 perspectiva profissional. Mas, segundo a CNC, esse item tamb\u00e9m apresentou recuo de 3,7% em rela\u00e7\u00e3o ao m\u00eas anterior e de 6,3% em rela\u00e7\u00e3o a mar\u00e7o do ano passado.<\/p>\n<p>Para a economista da CNC Juliana Serapio, o cen\u00e1rio verificado em fevereiro \u00e9 semelhante ao dos \u00faltimos meses do ano passado, principalmente dezembro. \u201cO cen\u00e1rio \u00e9 o mesmo de dezembro do ano passado: infla\u00e7\u00e3o e juros em alta e baixa oferta de emprego, o que torna o consumidor mais cauteloso\u201d.<\/p>\n<p>Serapio acredita que a tend\u00eancia \u00e9 que o quadro venha a se agravar. \u201cOs dados mais recentes do Cadastro Geral de Empregados e Desempregados [Caged], do Minist\u00e9rio do Trabalho v\u00eam mostrando redu\u00e7\u00e3o do emprego formal, principalmente no setor do com\u00e9rcio, o que mais gera emprego. Isso torna as pessoas cada vez mais inseguras\u201d, disse.<\/p>\n<p>Nielmar de Oliveira &#8211; Rep\u00f3rter da Ag\u00eancia Brasil<br \/>\nEdi\u00e7\u00e3o: Jos\u00e9 Romildo<\/p>\n","protected":false},"excerpt":{"rendered":"<p>O \u00edndice de Inten\u00e7\u00e3o de Consumo das Fam\u00edlias (ICF) atingiu em mar\u00e7o deste ano, pelo segundo m\u00eas consecutivo, o menor n\u00edvel da s\u00e9rie hist\u00f3rica iniciada em janeiro de 2010, ao registrar queda de 6,1% em rela\u00e7\u00e3o a fevereiro \u00faltimo e de 11,9% em rela\u00e7\u00e3o a mar\u00e7o de 2014. O indicador fechou mar\u00e7o em 110,6 pontos [&hellip;]<\/p>\n","protected":false},"author":2,"featured_media":57585,"comment_status":"open","ping_status":"closed","sticky":false,"template":"","format":"standard","meta":{"_genesis_hide_title":false,"_genesis_hide_breadcrumbs":false,"_genesis_hide_singular_image":false,"_genesis_hide_footer_widgets":false,"_genesis_custom_body_class":"","_genesis_custom_post_class":"","_genesis_layout":"","_jetpack_memberships_contains_paid_content":false,"footnotes":""},"categories":[22,7],"tags":[],"class_list":{"0":"post-68056","1":"post","2":"type-post","3":"status-publish","4":"format-standard","5":"has-post-thumbnail","7":"category-brasil","8":"category-economia","9":"entry","10":"gs-1","11":"gs-odd","12":"gs-even","13":"gs-featured-content-entry"},"jetpack_featured_media_url":"https:\/\/www.redenoticia.com.br\/noticia\/imagens\/analise-economia.jpg","jetpack_sharing_enabled":true,"jetpack_likes_enabled":true,"_links":{"self":[{"href":"https:\/\/www.redenoticia.com.br\/noticia\/wp-json\/wp\/v2\/posts\/68056","targetHints":{"allow":["GET"]}}],"collection":[{"href":"https:\/\/www.redenoticia.com.br\/noticia\/wp-json\/wp\/v2\/posts"}],"about":[{"href":"https:\/\/www.redenoticia.com.br\/noticia\/wp-json\/wp\/v2\/types\/post"}],"author":[{"embeddable":true,"href":"https:\/\/www.redenoticia.com.br\/noticia\/wp-json\/wp\/v2\/users\/2"}],"replies":[{"embeddable":true,"href":"https:\/\/www.redenoticia.com.br\/noticia\/wp-json\/wp\/v2\/comments?post=68056"}],"version-history":[{"count":0,"href":"https:\/\/www.redenoticia.com.br\/noticia\/wp-json\/wp\/v2\/posts\/68056\/revisions"}],"wp:featuredmedia":[{"embeddable":true,"href":"https:\/\/www.redenoticia.com.br\/noticia\/wp-json\/wp\/v2\/media\/57585"}],"wp:attachment":[{"href":"https:\/\/www.redenoticia.com.br\/noticia\/wp-json\/wp\/v2\/media?parent=68056"}],"wp:term":[{"taxonomy":"category","embeddable":true,"href":"https:\/\/www.redenoticia.com.br\/noticia\/wp-json\/wp\/v2\/categories?post=68056"},{"taxonomy":"post_tag","embeddable":true,"href":"https:\/\/www.redenoticia.com.br\/noticia\/wp-json\/wp\/v2\/tags?post=68056"}],"curies":[{"name":"wp","href":"https:\/\/api.w.org\/{rel}","templated":true}]}}