{"id":68054,"date":"2015-03-19T17:03:53","date_gmt":"2015-03-19T20:03:53","guid":{"rendered":"http:\/\/www.redenoticia.com.br\/noticia\/?p=68054"},"modified":"2015-03-19T17:03:53","modified_gmt":"2015-03-19T20:03:53","slug":"inflacao-desemprego-e-alta-de-juros-elevam-inadimplencia-com-cheque","status":"publish","type":"post","link":"https:\/\/www.redenoticia.com.br\/noticia\/2015\/inflacao-desemprego-e-alta-de-juros-elevam-inadimplencia-com-cheque\/68054","title":{"rendered":"Infla\u00e7\u00e3o, desemprego e alta de juros elevam inadimpl\u00eancia com cheque"},"content":{"rendered":"<p> O percentual de <strong><em>devolu\u00e7\u00f5es de cheques<\/em><\/strong> pela segunda vez por insufici\u00eancia de fundos foi 2,19% em fevereiro, de acordo com o Indicador Serasa Experian de Cheques Sem Fundos. O n\u00famero \u00e9 maior que o registrado no levantamento anterior, em janeiro (2,06%), e tamb\u00e9m h\u00e1 um ano, em fevereiro de 2014, quando foi 1,99%. O resultado foi o segundo maior para um m\u00eas de fevereiro, em toda a s\u00e9rie hist\u00f3rica, perdendo apenas para a inadimpl\u00eancia de 2,32% registrada em fevereiro de 2009.<\/p>\n<p>Segundo os economistas da Serasa Experian, a alta na inadimpl\u00eancia com cheques, em todo pa\u00eds, reflete as dificuldades financeiras dos consumidores neste in\u00edcio de ano. \u201cEssas dificuldades est\u00e3o sendo determinadas pela a alta da infla\u00e7\u00e3o, pelo aumento do desemprego e pelas sucessivas eleva\u00e7\u00f5es das taxas de juros.\u201d<\/p>\n<p>Na Regi\u00e3o Norte, a devolu\u00e7\u00e3o de cheques em fevereiro foi 7,20% do total de cheques compensados, maior que a devolu\u00e7\u00e3o de 6,31% registrada em janeiro. Em fevereiro de 2014, esse percentual chegou a 4,03% do total de cheques compensados na regi\u00e3o. No Nordeste essa taxa chegou a 6,28%, superior \u00e0 de janeiro, quando alcan\u00e7ou 5,54%. Em fevereiro do ano passado, a devolu\u00e7\u00e3o de cheques pela segunda vez por falta de fundos nessa regi\u00e3o foi 3,85%.<\/p>\n<p>No Sudeste, a devolu\u00e7\u00e3o de cheques foi 1,32% do total, maior que a registrada em janeiro (1,25%). Na compara\u00e7\u00e3o com fevereiro de 2014, o resultado foi menor (1,55%). Na Regi\u00e3o Centro-Oeste, esse n\u00famero foi 5,01%, superior ao verificado em janeiro (4,75%) e em fevereiro do ano passado (2,81%).<\/p>\n<p>Na Regi\u00e3o Sul, a devolu\u00e7\u00e3o de cheques em fevereiro foi 4,50% do total de cheques compensados, maior que a devolu\u00e7\u00e3o de 4,29% registrada em janeiro. Em fevereiro do ano anterior, a devolu\u00e7\u00e3o de cheques foi menor (2%) que o levantamento mais recente.<\/p>\n<p>Fl\u00e1via Albuquerque \u2014 Rep\u00f3rter da Ag\u00eancia Brasil<br \/>\nEdi\u00e7\u00e3o: Denise Griesinger<\/p>\n","protected":false},"excerpt":{"rendered":"<p>O percentual de devolu\u00e7\u00f5es de cheques pela segunda vez por insufici\u00eancia de fundos foi 2,19% em fevereiro, de acordo com o Indicador Serasa Experian de Cheques Sem Fundos. O n\u00famero \u00e9 maior que o registrado no levantamento anterior, em janeiro (2,06%), e tamb\u00e9m h\u00e1 um ano, em fevereiro de 2014, quando foi 1,99%. O resultado [&hellip;]<\/p>\n","protected":false},"author":2,"featured_media":57583,"comment_status":"open","ping_status":"closed","sticky":false,"template":"","format":"standard","meta":{"_genesis_hide_title":false,"_genesis_hide_breadcrumbs":false,"_genesis_hide_singular_image":false,"_genesis_hide_footer_widgets":false,"_genesis_custom_body_class":"","_genesis_custom_post_class":"","_genesis_layout":"","_jetpack_memberships_contains_paid_content":false,"footnotes":""},"categories":[22,7],"tags":[],"class_list":{"0":"post-68054","1":"post","2":"type-post","3":"status-publish","4":"format-standard","5":"has-post-thumbnail","7":"category-brasil","8":"category-economia","9":"entry","10":"gs-1","11":"gs-odd","12":"gs-even","13":"gs-featured-content-entry"},"jetpack_featured_media_url":"https:\/\/www.redenoticia.com.br\/noticia\/imagens\/economia-grafico.jpg","jetpack_sharing_enabled":true,"jetpack_likes_enabled":true,"_links":{"self":[{"href":"https:\/\/www.redenoticia.com.br\/noticia\/wp-json\/wp\/v2\/posts\/68054","targetHints":{"allow":["GET"]}}],"collection":[{"href":"https:\/\/www.redenoticia.com.br\/noticia\/wp-json\/wp\/v2\/posts"}],"about":[{"href":"https:\/\/www.redenoticia.com.br\/noticia\/wp-json\/wp\/v2\/types\/post"}],"author":[{"embeddable":true,"href":"https:\/\/www.redenoticia.com.br\/noticia\/wp-json\/wp\/v2\/users\/2"}],"replies":[{"embeddable":true,"href":"https:\/\/www.redenoticia.com.br\/noticia\/wp-json\/wp\/v2\/comments?post=68054"}],"version-history":[{"count":0,"href":"https:\/\/www.redenoticia.com.br\/noticia\/wp-json\/wp\/v2\/posts\/68054\/revisions"}],"wp:featuredmedia":[{"embeddable":true,"href":"https:\/\/www.redenoticia.com.br\/noticia\/wp-json\/wp\/v2\/media\/57583"}],"wp:attachment":[{"href":"https:\/\/www.redenoticia.com.br\/noticia\/wp-json\/wp\/v2\/media?parent=68054"}],"wp:term":[{"taxonomy":"category","embeddable":true,"href":"https:\/\/www.redenoticia.com.br\/noticia\/wp-json\/wp\/v2\/categories?post=68054"},{"taxonomy":"post_tag","embeddable":true,"href":"https:\/\/www.redenoticia.com.br\/noticia\/wp-json\/wp\/v2\/tags?post=68054"}],"curies":[{"name":"wp","href":"https:\/\/api.w.org\/{rel}","templated":true}]}}