{"id":68052,"date":"2015-03-19T17:01:21","date_gmt":"2015-03-19T20:01:21","guid":{"rendered":"http:\/\/www.redenoticia.com.br\/noticia\/?p=68052"},"modified":"2015-03-19T17:01:21","modified_gmt":"2015-03-19T20:01:21","slug":"indice-que-corrige-alugueis-registra-alta-de-084","status":"publish","type":"post","link":"https:\/\/www.redenoticia.com.br\/noticia\/2015\/indice-que-corrige-alugueis-registra-alta-de-084\/68052","title":{"rendered":"\u00cdndice que corrige alugu\u00e9is registra alta de 0,84%"},"content":{"rendered":"<p> O \u00cdndice Geral de Pre\u00e7os &#8211; Mercado (<strong><em>IGP-M<\/em><\/strong>) registrou, no segundo dec\u00eandio de mar\u00e7o, varia\u00e7\u00e3o de 0,84%, uma alta de 0,68 ponto percentual em rela\u00e7\u00e3o ao \u00edndice de 0,16% da primeira pr\u00e9via do mesmo per\u00edodo do m\u00eas passado.<\/p>\n<p>O IGP-M \u00e9 utilizado para a corre\u00e7\u00e3o de contratos de aluguel e como indexador de algumas tarifas administradas pelo governo como, por exemplo, energia el\u00e9trica.<\/p>\n<p>O segundo dec\u00eandio do IGP-M compreende o intervalo entre os dias 21 do m\u00eas anterior e 10 do m\u00eas de refer\u00eancia.<\/p>\n<p>Os dados relativos ao IGP-M foram divulgados pelo Instituto Brasileiro de Economia (Ibre) da Funda\u00e7\u00e3o Getulio Vargas (FGV).<\/p>\n<p>O \u00cdndice de Pre\u00e7os ao Produtor Amplo (IPA) apresentou varia\u00e7\u00e3o de 0,75%, no segundo dec\u00eandio de mar\u00e7o. O peso deste \u00edndice corresponde a 60% do total do IGP-M. No mesmo per\u00edodo do m\u00eas anterior, a taxa foi negativa: -0,22%. A taxa de varia\u00e7\u00e3o dos bens finais passou de 1,03% para 0,75%. A maior contribui\u00e7\u00e3o para este movimento teve origem no subgrupo bens de consumo dur\u00e1veis, cuja taxa passou de 0,80% para -0,27%.  <\/p>\n<p>Embora com contribui\u00e7\u00e3o menor para a acelera\u00e7\u00e3o da segunda pr\u00e9via do IGP-M, o \u00cdndice de Pre\u00e7os ao Consumidor (IPC), que tem peso de 30% na composi\u00e7\u00e3o do indicador, registrou varia\u00e7\u00e3o de 1,36%, no segundo dec\u00eandio de mar\u00e7o, contra 1,02% do mesmo per\u00edodo do m\u00eas anterior \u2013 uma alta de 0,34 ponto percentual.<\/p>\n<p>O \u00fanico a registrar queda entre um dec\u00eandio e outro foi o \u00cdndice Nacional de Custo da Constru\u00e7\u00e3o (INCC), que tem peso de 10% na composi\u00e7\u00e3o do IGP-M, e apresentou varia\u00e7\u00e3o de 0,22%, registrando desacelera\u00e7\u00e3o de 0,39 ponto percentual no per\u00edodo. No m\u00eas anterior, a taxa foi de 0,61%.<\/p>\n<p>Nielmar de Oliveira &#8211; Rep\u00f3rter da Ag\u00eancia Brasil<br \/>\nEdi\u00e7\u00e3o: Jos\u00e9 Romildo<\/p>\n","protected":false},"excerpt":{"rendered":"<p>O \u00cdndice Geral de Pre\u00e7os &#8211; Mercado (IGP-M) registrou, no segundo dec\u00eandio de mar\u00e7o, varia\u00e7\u00e3o de 0,84%, uma alta de 0,68 ponto percentual em rela\u00e7\u00e3o ao \u00edndice de 0,16% da primeira pr\u00e9via do mesmo per\u00edodo do m\u00eas passado. O IGP-M \u00e9 utilizado para a corre\u00e7\u00e3o de contratos de aluguel e como indexador de algumas tarifas [&hellip;]<\/p>\n","protected":false},"author":2,"featured_media":38940,"comment_status":"open","ping_status":"closed","sticky":false,"template":"","format":"standard","meta":{"_genesis_hide_title":false,"_genesis_hide_breadcrumbs":false,"_genesis_hide_singular_image":false,"_genesis_hide_footer_widgets":false,"_genesis_custom_body_class":"","_genesis_custom_post_class":"","_genesis_layout":"","_jetpack_memberships_contains_paid_content":false,"footnotes":""},"categories":[22,7],"tags":[],"class_list":{"0":"post-68052","1":"post","2":"type-post","3":"status-publish","4":"format-standard","5":"has-post-thumbnail","7":"category-brasil","8":"category-economia","9":"entry","10":"gs-1","11":"gs-odd","12":"gs-even","13":"gs-featured-content-entry"},"jetpack_featured_media_url":"https:\/\/www.redenoticia.com.br\/noticia\/imagens\/grafico.jpg","jetpack_sharing_enabled":true,"jetpack_likes_enabled":true,"_links":{"self":[{"href":"https:\/\/www.redenoticia.com.br\/noticia\/wp-json\/wp\/v2\/posts\/68052","targetHints":{"allow":["GET"]}}],"collection":[{"href":"https:\/\/www.redenoticia.com.br\/noticia\/wp-json\/wp\/v2\/posts"}],"about":[{"href":"https:\/\/www.redenoticia.com.br\/noticia\/wp-json\/wp\/v2\/types\/post"}],"author":[{"embeddable":true,"href":"https:\/\/www.redenoticia.com.br\/noticia\/wp-json\/wp\/v2\/users\/2"}],"replies":[{"embeddable":true,"href":"https:\/\/www.redenoticia.com.br\/noticia\/wp-json\/wp\/v2\/comments?post=68052"}],"version-history":[{"count":0,"href":"https:\/\/www.redenoticia.com.br\/noticia\/wp-json\/wp\/v2\/posts\/68052\/revisions"}],"wp:featuredmedia":[{"embeddable":true,"href":"https:\/\/www.redenoticia.com.br\/noticia\/wp-json\/wp\/v2\/media\/38940"}],"wp:attachment":[{"href":"https:\/\/www.redenoticia.com.br\/noticia\/wp-json\/wp\/v2\/media?parent=68052"}],"wp:term":[{"taxonomy":"category","embeddable":true,"href":"https:\/\/www.redenoticia.com.br\/noticia\/wp-json\/wp\/v2\/categories?post=68052"},{"taxonomy":"post_tag","embeddable":true,"href":"https:\/\/www.redenoticia.com.br\/noticia\/wp-json\/wp\/v2\/tags?post=68052"}],"curies":[{"name":"wp","href":"https:\/\/api.w.org\/{rel}","templated":true}]}}