{"id":68050,"date":"2015-03-19T16:59:36","date_gmt":"2015-03-19T19:59:36","guid":{"rendered":"http:\/\/www.redenoticia.com.br\/noticia\/?p=68050"},"modified":"2015-03-19T16:59:36","modified_gmt":"2015-03-19T19:59:36","slug":"inflacao-medida-pelo-ipc-tem-alta-de-096-em-sao-paulo","status":"publish","type":"post","link":"https:\/\/www.redenoticia.com.br\/noticia\/2015\/inflacao-medida-pelo-ipc-tem-alta-de-096-em-sao-paulo\/68050","title":{"rendered":"Infla\u00e7\u00e3o medida pelo IPC tem alta de 0,96% em S\u00e3o Paulo"},"content":{"rendered":"<p> O \u00cdndice de Pre\u00e7os ao Consumidor (IPC), medido pela Funda\u00e7\u00e3o Instituto de Pesquisas Econ\u00f4micas (Fipe) na cidade de S\u00e3o Paulo, apresentou alta de 0,96% na segunda pr\u00e9via de mar\u00e7o. A taxa mostra redu\u00e7\u00e3o no ritmo de corre\u00e7\u00e3o dos pre\u00e7os. Na primeira pr\u00e9via do m\u00eas, o \u00edndice havia subido 1,03% e, no encerramento de fevereiro, 1,22%. O grupo habita\u00e7\u00e3o manteve-se na lideran\u00e7a da <strong><em>press\u00e3o inflacion\u00e1ria<\/em><\/strong> com varia\u00e7\u00e3o de 1,59%. Na primeira pr\u00e9via, o \u00edndice foi 1,73%.<\/p>\n<p>Os alimentos tamb\u00e9m aumentaram com menos intensidade do que na \u00faltima apura\u00e7\u00e3o, ao passar de 1,29% para 1,26%. Em transportes, a taxa atingiu 0,89%. Na primeira pr\u00e9via, o \u00edndice foi 1,13%. No grupo despesas pessoais, cresceu a velocidade de corre\u00e7\u00f5es, com alta de 0,01%. Na pr\u00e9via anterior, o \u00edndice foi negativo: -0,04%.<\/p>\n<p>Em sa\u00fade, tamb\u00e9m foi registrado avan\u00e7o maior: a taxa passou de 0,11% para 0,35%. No grupo vestu\u00e1rio, foi mantido o movimento de queda de pre\u00e7os: o decr\u00e9scimo corresondeu a -0,20%. Na pr\u00e9via anterior, a queda correspondeu a 0,17%. E, em educa\u00e7\u00e3o, houve diminui\u00e7\u00e3o de intensidade de alta: o \u00edndice passou de 0,24% para 0,17%.<\/p>\n<p>Marli Moreira &#8211; Rep\u00f3rter da Ag\u00eancia Brasil<br \/>\nEdi\u00e7\u00e3o: Jos\u00e9 Romildo<\/p>\n","protected":false},"excerpt":{"rendered":"<p>O \u00cdndice de Pre\u00e7os ao Consumidor (IPC), medido pela Funda\u00e7\u00e3o Instituto de Pesquisas Econ\u00f4micas (Fipe) na cidade de S\u00e3o Paulo, apresentou alta de 0,96% na segunda pr\u00e9via de mar\u00e7o. A taxa mostra redu\u00e7\u00e3o no ritmo de corre\u00e7\u00e3o dos pre\u00e7os. Na primeira pr\u00e9via do m\u00eas, o \u00edndice havia subido 1,03% e, no encerramento de fevereiro, 1,22%. [&hellip;]<\/p>\n","protected":false},"author":2,"featured_media":57584,"comment_status":"open","ping_status":"closed","sticky":false,"template":"","format":"standard","meta":{"_genesis_hide_title":false,"_genesis_hide_breadcrumbs":false,"_genesis_hide_singular_image":false,"_genesis_hide_footer_widgets":false,"_genesis_custom_body_class":"","_genesis_custom_post_class":"","_genesis_layout":"","_jetpack_memberships_contains_paid_content":false,"footnotes":""},"categories":[22,7],"tags":[],"class_list":{"0":"post-68050","1":"post","2":"type-post","3":"status-publish","4":"format-standard","5":"has-post-thumbnail","7":"category-brasil","8":"category-economia","9":"entry","10":"gs-1","11":"gs-odd","12":"gs-even","13":"gs-featured-content-entry"},"jetpack_featured_media_url":"https:\/\/www.redenoticia.com.br\/noticia\/imagens\/economia-grafica-analise-inflacao.jpg","jetpack_sharing_enabled":true,"jetpack_likes_enabled":true,"_links":{"self":[{"href":"https:\/\/www.redenoticia.com.br\/noticia\/wp-json\/wp\/v2\/posts\/68050","targetHints":{"allow":["GET"]}}],"collection":[{"href":"https:\/\/www.redenoticia.com.br\/noticia\/wp-json\/wp\/v2\/posts"}],"about":[{"href":"https:\/\/www.redenoticia.com.br\/noticia\/wp-json\/wp\/v2\/types\/post"}],"author":[{"embeddable":true,"href":"https:\/\/www.redenoticia.com.br\/noticia\/wp-json\/wp\/v2\/users\/2"}],"replies":[{"embeddable":true,"href":"https:\/\/www.redenoticia.com.br\/noticia\/wp-json\/wp\/v2\/comments?post=68050"}],"version-history":[{"count":0,"href":"https:\/\/www.redenoticia.com.br\/noticia\/wp-json\/wp\/v2\/posts\/68050\/revisions"}],"wp:featuredmedia":[{"embeddable":true,"href":"https:\/\/www.redenoticia.com.br\/noticia\/wp-json\/wp\/v2\/media\/57584"}],"wp:attachment":[{"href":"https:\/\/www.redenoticia.com.br\/noticia\/wp-json\/wp\/v2\/media?parent=68050"}],"wp:term":[{"taxonomy":"category","embeddable":true,"href":"https:\/\/www.redenoticia.com.br\/noticia\/wp-json\/wp\/v2\/categories?post=68050"},{"taxonomy":"post_tag","embeddable":true,"href":"https:\/\/www.redenoticia.com.br\/noticia\/wp-json\/wp\/v2\/tags?post=68050"}],"curies":[{"name":"wp","href":"https:\/\/api.w.org\/{rel}","templated":true}]}}