{"id":68010,"date":"2015-03-18T14:44:55","date_gmt":"2015-03-18T17:44:55","guid":{"rendered":"http:\/\/www.redenoticia.com.br\/noticia\/?p=68010"},"modified":"2015-03-18T14:44:55","modified_gmt":"2015-03-18T17:44:55","slug":"datafolha-62-reprovam-governo-dilma","status":"publish","type":"post","link":"https:\/\/www.redenoticia.com.br\/noticia\/2015\/datafolha-62-reprovam-governo-dilma\/68010","title":{"rendered":"Datafolha: 62% reprovam governo Dilma"},"content":{"rendered":"<p> <strong><em>Pesquisa Datafolha<\/em><\/strong> feita na segunda e ter\u00e7a-feira indica que 62% dos brasileiros consideram a gest\u00e3o da presidenta Dilma Rousseff ruim ou p\u00e9ssima. De acordo com o levantamento, 13% dos entrevistados avaliaram positivamente o governo, enquanto 24% classificaram de regular a gest\u00e3o de Dilma. Foram ouvidas 2.842 pessoas, e a margem de erro \u00e9 de dois pontos percentuais.<\/p>\n<p>O \u00faltimo levantamento feito pelo Datafolha, divulgado no in\u00edcio de fevereiro, apontava que Dilma tinha avalia\u00e7\u00e3o positiva de 23% dos entrevistados, enquanto 44% consideravam o governo da presidenta ruim ou p\u00e9ssimo.<\/p>\n<p>\u00c9 a primeira vez, de acordo com a pesquisa, que o percentual de pessoas que desaprovam o governo passa dos 50%. Centro-Oeste e Sudeste registram as maiores taxas de rejei\u00e7\u00e3o, com 75% e 66%, respectivamente. A maior taxa de aprova\u00e7\u00e3o est\u00e1 no Norte (21%). No Nordeste, 16% aprovam o governo.<\/p>\n<p>Da Ag\u00eancia Brasil<br \/>\nEdi\u00e7\u00e3o: Talita Cavalcante<\/p>\n<p>&#8212;<br \/>\nA Empresa Brasil de Comunica\u00e7\u00e3o \u00e9 uma institui\u00e7\u00e3o da democracia brasileira: p\u00fablica, inclusiva e cidad\u00e3.  Criada em 2007 para fortalecer o sistema p\u00fablico de comunica\u00e7\u00e3o, \u00e9 gestora dos canais TV Brasil, TV Brasil Internacional, Ag\u00eancia Brasil, Radioag\u00eancia Nacional e do sistema p\u00fablico de R\u00e1dio \u2013 composto por oito emissoras. Estes, por sua independ\u00eancia editorial, distinguem-se dos canais estatais ou governamentais, com conte\u00fados diferenciados e complementares aos canais privados.<\/p>\n","protected":false},"excerpt":{"rendered":"<p>Pesquisa Datafolha feita na segunda e ter\u00e7a-feira indica que 62% dos brasileiros consideram a gest\u00e3o da presidenta Dilma Rousseff ruim ou p\u00e9ssima. De acordo com o levantamento, 13% dos entrevistados avaliaram positivamente o governo, enquanto 24% classificaram de regular a gest\u00e3o de Dilma. Foram ouvidas 2.842 pessoas, e a margem de erro \u00e9 de dois [&hellip;]<\/p>\n","protected":false},"author":2,"featured_media":34796,"comment_status":"open","ping_status":"closed","sticky":false,"template":"","format":"standard","meta":{"_genesis_hide_title":false,"_genesis_hide_breadcrumbs":false,"_genesis_hide_singular_image":false,"_genesis_hide_footer_widgets":false,"_genesis_custom_body_class":"","_genesis_custom_post_class":"","_genesis_layout":"","_jetpack_memberships_contains_paid_content":false,"footnotes":""},"categories":[22,7],"tags":[],"class_list":{"0":"post-68010","1":"post","2":"type-post","3":"status-publish","4":"format-standard","5":"has-post-thumbnail","7":"category-brasil","8":"category-economia","9":"entry","10":"gs-1","11":"gs-odd","12":"gs-even","13":"gs-featured-content-entry"},"jetpack_featured_media_url":"https:\/\/www.redenoticia.com.br\/noticia\/imagens\/dilma-foto-wilson-dias-abr.jpg","jetpack_sharing_enabled":true,"jetpack_likes_enabled":true,"_links":{"self":[{"href":"https:\/\/www.redenoticia.com.br\/noticia\/wp-json\/wp\/v2\/posts\/68010","targetHints":{"allow":["GET"]}}],"collection":[{"href":"https:\/\/www.redenoticia.com.br\/noticia\/wp-json\/wp\/v2\/posts"}],"about":[{"href":"https:\/\/www.redenoticia.com.br\/noticia\/wp-json\/wp\/v2\/types\/post"}],"author":[{"embeddable":true,"href":"https:\/\/www.redenoticia.com.br\/noticia\/wp-json\/wp\/v2\/users\/2"}],"replies":[{"embeddable":true,"href":"https:\/\/www.redenoticia.com.br\/noticia\/wp-json\/wp\/v2\/comments?post=68010"}],"version-history":[{"count":0,"href":"https:\/\/www.redenoticia.com.br\/noticia\/wp-json\/wp\/v2\/posts\/68010\/revisions"}],"wp:featuredmedia":[{"embeddable":true,"href":"https:\/\/www.redenoticia.com.br\/noticia\/wp-json\/wp\/v2\/media\/34796"}],"wp:attachment":[{"href":"https:\/\/www.redenoticia.com.br\/noticia\/wp-json\/wp\/v2\/media?parent=68010"}],"wp:term":[{"taxonomy":"category","embeddable":true,"href":"https:\/\/www.redenoticia.com.br\/noticia\/wp-json\/wp\/v2\/categories?post=68010"},{"taxonomy":"post_tag","embeddable":true,"href":"https:\/\/www.redenoticia.com.br\/noticia\/wp-json\/wp\/v2\/tags?post=68010"}],"curies":[{"name":"wp","href":"https:\/\/api.w.org\/{rel}","templated":true}]}}