{"id":68008,"date":"2015-03-18T14:40:57","date_gmt":"2015-03-18T17:40:57","guid":{"rendered":"http:\/\/www.redenoticia.com.br\/noticia\/?p=68008"},"modified":"2015-03-18T14:40:57","modified_gmt":"2015-03-18T17:40:57","slug":"orcamento-triplica-fundo-partidario-em-2015","status":"publish","type":"post","link":"https:\/\/www.redenoticia.com.br\/noticia\/2015\/orcamento-triplica-fundo-partidario-em-2015\/68008","title":{"rendered":"Or\u00e7amento triplica Fundo Partid\u00e1rio em 2015"},"content":{"rendered":"<p> Com atraso de tr\u00eas meses, governo e oposi\u00e7\u00e3o fecharam acordo e o Or\u00e7amento Geral da Uni\u00e3o 2015 foi votado. O projeto abre caminho para a equipe econ\u00f4mica anunciar nos pr\u00f3ximos dias o que ser\u00e1 contingenciado, ou seja, o que n\u00e3o ser\u00e1 executado imediatamente. A medida \u00e9 tomada anualmente para sinalizar que a meta de super\u00e1vit prim\u00e1rio de 1,2% do Produto Interno Bruto (PIB) ser\u00e1 cumprida. A expectativa \u00e9 que o valor congelado possa ser de at\u00e9 R$ 80 bilh\u00f5es. Este ano, sob a justificativa do relator da proposta, senador Romero Juc\u00e1 (PMDB\u2013RR), de fazer um teste para o financiamento p\u00fablico de campanha, o <strong><em>Congresso triplicou a verba para o Fundo Partid\u00e1rio<\/em><\/strong>, prevista no Or\u00e7amento da Uni\u00e3o. <\/p>\n<p>O valor, divido proporcionalmente de acordo com o tamanho das bancadas na C\u00e2mara dos Deputados, passou de R$ 289,56 milh\u00f5es para R$ 867,56 milh\u00f5es. Com isso, a pe\u00e7a or\u00e7ament\u00e1ria teve um acr\u00e9scimo de quase R$ 13 bilh\u00f5es.<\/p>\n<p> O or\u00e7amento aprovado para 2015 foi R$ 2,982 trilh\u00f5es. Na distribui\u00e7\u00e3o tamb\u00e9m est\u00e3o previstos R$ 3,9 bilh\u00f5es para compensar perdas da chamada Lei Kandir, R$ 1,5 bilh\u00e3o para o programa Minha Casa, Minha Vida, al\u00e9m de mais R$ 3 bilh\u00f5es para a\u00e7\u00f5es de sa\u00fade.<\/p>\n<p>Entre as despesas em vigor, al\u00e9m do sal\u00e1rio m\u00ednimo de R$ 788, est\u00e1 uma verba de R$ 800 milh\u00f5es para os reajustes dos sal\u00e1rios de autoridades do Executivo, Legislativo e Judici\u00e1rio. Este ano, o vencimento dos ministros do Supremo Tribunal Federal subiu para R$ 33,8 mil. O valor tem efeito cascata, que tamb\u00e9m \u00e9 o teto constitucional do funcionalismo p\u00fablico federal.<\/p>\n<p>O projeto depende da san\u00e7\u00e3o presidencial e tem o maior valor aprovado para emendas individuais de deputados e senadores, que ser\u00e3o R$ 12,37 bilh\u00f5es. O montante inclui os 268 parlamentares novatos no Congresso. Nesse caso, cada um teve direito de apresentar R$ 10 milh\u00f5es em emendas. Os que apresentaram propostas durante a tramita\u00e7\u00e3o do projeto na Comiss\u00e3o Mista de Or\u00e7amento, em 2014 tiveram direito a R$ 16,32 milh\u00f5es cada.  A verba \u00e9 aplicada em custeio, obras e servi\u00e7os nas bases eleitorais dos congressistas, em \u00e1reas como educa\u00e7\u00e3o, sa\u00fade, esporte e turismo.<\/p>\n<p>Para atender \u00e0s demandas e chegar a um acordo com deputados e senadores, o relator cancelou R$ 4,8 bilh\u00f5es que o governo havia destinado para despesas com a Conta de Desenvolvimento Energ\u00e9tico (CDE). Essa conta subsidia, por exemplo, a gera\u00e7\u00e3o das termel\u00e9tricas a diesel, para evitar impacto para os consumidores.<\/p>\n<p>Segundo Juc\u00e1, o cancelamento foi acordado com o governo. Este ano, a CDE n\u00e3o ser\u00e1 usada j\u00e1 que o financiamento das termel\u00e9tricas vir\u00e1 do aumento da conta de luz. Mesmo com a preocupa\u00e7\u00e3o do governo em fazer o ajuste fiscal, Juc\u00e1 tamb\u00e9m garantiu que o remanejamento dos recursos cancelados para outras despesas \u00e9 compat\u00edvel com a meta fiscal deste ano.<\/p>\n<p>Karine Melo &#8211; Rep\u00f3rter da Ag\u00eancia Brasil<br \/>\nEdi\u00e7\u00e3o: Val\u00e9ria Aguiar<\/p>\n","protected":false},"excerpt":{"rendered":"<p>Com atraso de tr\u00eas meses, governo e oposi\u00e7\u00e3o fecharam acordo e o Or\u00e7amento Geral da Uni\u00e3o 2015 foi votado. O projeto abre caminho para a equipe econ\u00f4mica anunciar nos pr\u00f3ximos dias o que ser\u00e1 contingenciado, ou seja, o que n\u00e3o ser\u00e1 executado imediatamente. A medida \u00e9 tomada anualmente para sinalizar que a meta de super\u00e1vit [&hellip;]<\/p>\n","protected":false},"author":2,"featured_media":40734,"comment_status":"open","ping_status":"closed","sticky":false,"template":"","format":"standard","meta":{"_genesis_hide_title":false,"_genesis_hide_breadcrumbs":false,"_genesis_hide_singular_image":false,"_genesis_hide_footer_widgets":false,"_genesis_custom_body_class":"","_genesis_custom_post_class":"","_genesis_layout":"","_jetpack_memberships_contains_paid_content":false,"footnotes":""},"categories":[22,7],"tags":[],"class_list":{"0":"post-68008","1":"post","2":"type-post","3":"status-publish","4":"format-standard","5":"has-post-thumbnail","7":"category-brasil","8":"category-economia","9":"entry","10":"gs-1","11":"gs-odd","12":"gs-even","13":"gs-featured-content-entry"},"jetpack_featured_media_url":"https:\/\/www.redenoticia.com.br\/noticia\/imagens\/economia-resultados.jpg","jetpack_sharing_enabled":true,"jetpack_likes_enabled":true,"_links":{"self":[{"href":"https:\/\/www.redenoticia.com.br\/noticia\/wp-json\/wp\/v2\/posts\/68008","targetHints":{"allow":["GET"]}}],"collection":[{"href":"https:\/\/www.redenoticia.com.br\/noticia\/wp-json\/wp\/v2\/posts"}],"about":[{"href":"https:\/\/www.redenoticia.com.br\/noticia\/wp-json\/wp\/v2\/types\/post"}],"author":[{"embeddable":true,"href":"https:\/\/www.redenoticia.com.br\/noticia\/wp-json\/wp\/v2\/users\/2"}],"replies":[{"embeddable":true,"href":"https:\/\/www.redenoticia.com.br\/noticia\/wp-json\/wp\/v2\/comments?post=68008"}],"version-history":[{"count":0,"href":"https:\/\/www.redenoticia.com.br\/noticia\/wp-json\/wp\/v2\/posts\/68008\/revisions"}],"wp:featuredmedia":[{"embeddable":true,"href":"https:\/\/www.redenoticia.com.br\/noticia\/wp-json\/wp\/v2\/media\/40734"}],"wp:attachment":[{"href":"https:\/\/www.redenoticia.com.br\/noticia\/wp-json\/wp\/v2\/media?parent=68008"}],"wp:term":[{"taxonomy":"category","embeddable":true,"href":"https:\/\/www.redenoticia.com.br\/noticia\/wp-json\/wp\/v2\/categories?post=68008"},{"taxonomy":"post_tag","embeddable":true,"href":"https:\/\/www.redenoticia.com.br\/noticia\/wp-json\/wp\/v2\/tags?post=68008"}],"curies":[{"name":"wp","href":"https:\/\/api.w.org\/{rel}","templated":true}]}}