{"id":68006,"date":"2015-03-18T14:36:49","date_gmt":"2015-03-18T17:36:49","guid":{"rendered":"http:\/\/www.redenoticia.com.br\/noticia\/?p=68006"},"modified":"2015-03-18T14:36:49","modified_gmt":"2015-03-18T17:36:49","slug":"ocde-preve-queda-de-05-para-a-economia-brasileira-em-2015","status":"publish","type":"post","link":"https:\/\/www.redenoticia.com.br\/noticia\/2015\/ocde-preve-queda-de-05-para-a-economia-brasileira-em-2015\/68006","title":{"rendered":"OCDE prev\u00ea queda de 0,5% para a economia brasileira em 2015"},"content":{"rendered":"<p> A Organiza\u00e7\u00e3o para a Coopera\u00e7\u00e3o e Desenvolvimento Econ\u00f4mico (OCDE) reduziu a previs\u00e3o de <strong><em>crescimento da economia<\/em><\/strong> brasileira para -0,5% este ano. Antes, a previs\u00e3o da OCDE era expans\u00e3o de 1,5%.<\/p>\n<p>Os dados da OCDE foram divulgados hoje por meio de documento elaborado pelo organismo sobre perspectivas da economia mundial para 2015. A OCDE \u00e9 uma organiza\u00e7\u00e3o de coopera\u00e7\u00e3o internacional composta por 34 pa\u00edses, com sede em Paris.<\/p>\n<p>Entre onze economias, o Brasil \u00e9 o \u00fanico com a expectativa de resultado negativo no Produto Interno Bruto (PIB), soma de todos as riquezas do pa\u00eds, em 2015, informou a OCDE.<\/p>\n<p>A expectativa \u00e9 que a China cres\u00e7a cerca de 7% ao ano em 2015 e 2016. A \u00cdndia ter\u00e1 uma expans\u00e3o de 7,7 % em 2015 e de 8% em 2016.<\/p>\n<p>As perspectivas da OCDE para o crescimento dos EUA \u00e9 3,1% este ano e de 3% em 2016, enquanto o Reino Unido dever\u00e1 avan\u00e7ar 2,6% em 2015 e 2,5% em 2016. A expans\u00e3o do Canad\u00e1 est\u00e1 projetada em 2,2% este ano e 2,1% em 2016. O Jap\u00e3o dever\u00e1 crescer 1% em 2015 e 1,4% em 2016 .<\/p>\n<p>O baixo pre\u00e7o do petr\u00f3leo e a flexibiliza\u00e7\u00e3o da pol\u00edtica monet\u00e1ria est\u00e3o impulsionando o crescimento nas principais economias do mundo, mas o ritmo da expans\u00e3o econ\u00f4mica no curto prazo continua modesto, destaca a OCDE. Para a organiza\u00e7\u00e3o, a forte demanda dom\u00e9stica tem impulsionado o crescimento nos Estados Unidos, ajudado tamb\u00e9m pela valoriza\u00e7\u00e3o do d\u00f3lar. Na avalia\u00e7\u00e3o da OCDE, a zona do euro dever\u00e1 se beneficiar de baixos pre\u00e7os do petr\u00f3leo, do est\u00edmulo da pol\u00edtica monet\u00e1ria e da deprecia\u00e7\u00e3o do euro para escapar da estagna\u00e7\u00e3o econ\u00f4mica.<\/p>\n<p>No Jap\u00e3o, os desafios para crescimento a longo prazo permanecem. A desacelera\u00e7\u00e3o gradual na China dever\u00e1 continuar. A \u00cdndia deve ser a economia com o mais r\u00e1pido crescimento nos pr\u00f3ximos dois anos, enquanto as perspectivas tendem a piorar para muitas na\u00e7\u00f5es exportadoras de commodities, com o Brasil.<\/p>\n<p>Daniel Lima &#8211; Rep\u00f3rter da Ag\u00eancia Brasil<br \/>\nEdi\u00e7\u00e3o: Jos\u00e9 Romildo<\/p>\n","protected":false},"excerpt":{"rendered":"<p>A Organiza\u00e7\u00e3o para a Coopera\u00e7\u00e3o e Desenvolvimento Econ\u00f4mico (OCDE) reduziu a previs\u00e3o de crescimento da economia brasileira para -0,5% este ano. Antes, a previs\u00e3o da OCDE era expans\u00e3o de 1,5%. Os dados da OCDE foram divulgados hoje por meio de documento elaborado pelo organismo sobre perspectivas da economia mundial para 2015. A OCDE \u00e9 uma [&hellip;]<\/p>\n","protected":false},"author":2,"featured_media":40517,"comment_status":"open","ping_status":"closed","sticky":false,"template":"","format":"standard","meta":{"_genesis_hide_title":false,"_genesis_hide_breadcrumbs":false,"_genesis_hide_singular_image":false,"_genesis_hide_footer_widgets":false,"_genesis_custom_body_class":"","_genesis_custom_post_class":"","_genesis_layout":"","_jetpack_memberships_contains_paid_content":false,"footnotes":""},"categories":[22,7],"tags":[],"class_list":{"0":"post-68006","1":"post","2":"type-post","3":"status-publish","4":"format-standard","5":"has-post-thumbnail","7":"category-brasil","8":"category-economia","9":"entry","10":"gs-1","11":"gs-odd","12":"gs-even","13":"gs-featured-content-entry"},"jetpack_featured_media_url":"https:\/\/www.redenoticia.com.br\/noticia\/imagens\/economia-previsao.jpg","jetpack_sharing_enabled":true,"jetpack_likes_enabled":true,"_links":{"self":[{"href":"https:\/\/www.redenoticia.com.br\/noticia\/wp-json\/wp\/v2\/posts\/68006","targetHints":{"allow":["GET"]}}],"collection":[{"href":"https:\/\/www.redenoticia.com.br\/noticia\/wp-json\/wp\/v2\/posts"}],"about":[{"href":"https:\/\/www.redenoticia.com.br\/noticia\/wp-json\/wp\/v2\/types\/post"}],"author":[{"embeddable":true,"href":"https:\/\/www.redenoticia.com.br\/noticia\/wp-json\/wp\/v2\/users\/2"}],"replies":[{"embeddable":true,"href":"https:\/\/www.redenoticia.com.br\/noticia\/wp-json\/wp\/v2\/comments?post=68006"}],"version-history":[{"count":0,"href":"https:\/\/www.redenoticia.com.br\/noticia\/wp-json\/wp\/v2\/posts\/68006\/revisions"}],"wp:featuredmedia":[{"embeddable":true,"href":"https:\/\/www.redenoticia.com.br\/noticia\/wp-json\/wp\/v2\/media\/40517"}],"wp:attachment":[{"href":"https:\/\/www.redenoticia.com.br\/noticia\/wp-json\/wp\/v2\/media?parent=68006"}],"wp:term":[{"taxonomy":"category","embeddable":true,"href":"https:\/\/www.redenoticia.com.br\/noticia\/wp-json\/wp\/v2\/categories?post=68006"},{"taxonomy":"post_tag","embeddable":true,"href":"https:\/\/www.redenoticia.com.br\/noticia\/wp-json\/wp\/v2\/tags?post=68006"}],"curies":[{"name":"wp","href":"https:\/\/api.w.org\/{rel}","templated":true}]}}