{"id":68004,"date":"2015-03-18T14:31:55","date_gmt":"2015-03-18T17:31:55","guid":{"rendered":"http:\/\/www.redenoticia.com.br\/noticia\/?p=68004"},"modified":"2015-03-18T14:31:55","modified_gmt":"2015-03-18T17:31:55","slug":"procon-sp-da-dicas-de-cuidados-com-animais-de-estimacao","status":"publish","type":"post","link":"https:\/\/www.redenoticia.com.br\/noticia\/2015\/procon-sp-da-dicas-de-cuidados-com-animais-de-estimacao\/68004","title":{"rendered":"Procon-SP d\u00e1 dicas de cuidados com animais de estima\u00e7\u00e3o"},"content":{"rendered":"<p>Ter um <em><strong>animal de estima\u00e7\u00e3o<\/strong><\/em> exige muita responsabilidade. Alimentar corretamente, cuidar da higiene, levar para passear, dar aten\u00e7\u00e3o e n\u00e3o maltratar fazem parte dos cuidados para a posse consciente. O blog Educa\u00e7\u00e3o para o Consumo da Funda\u00e7\u00e3o Procon-SP preparou um conte\u00fado especial com dicas de cuidados para os pets.<\/p>\n<p>As orienta\u00e7\u00f5es visam preservar a sa\u00fade e o bem estar do animal, como por exemplo a escolha da ra\u00e7\u00e3o, do servi\u00e7o de banho e tosa, do m\u00e9dico veterin\u00e1rio, cuidados com medicamentos e vacina\u00e7\u00e3o. Acesse o  para ver o post completo.<\/p>\n<p>Do Portal do Governo do Estado<\/p>\n<p>&#8212;<br \/>\nAntes de comprar a ra\u00e7\u00e3o, veja se o produto tem a identifica\u00e7\u00e3o do fabricante e informa\u00e7\u00f5es sobre peso, registro no Minist\u00e9rio da Agricultura, composi\u00e7\u00e3o, al\u00e9m da quantidade di\u00e1ria indicada, forma de utiliza\u00e7\u00e3o e prazo de validade.<\/p>\n<p>Nos servi\u00e7os de banho e tosa, verifique previamente as condi\u00e7\u00f5es de higiene do local, quais produtos que a empresa utiliza. Em caso de m\u00e1 presta\u00e7\u00e3o de servi\u00e7o, ele deve ser reexecutado ou o consumidor reembolsado.<\/p>\n<p>Caso necessite levar o animal a uma cl\u00ednica veterin\u00e1ria, observe se animais saud\u00e1veis est\u00e3o separados dos doentes e fique atento \u00e0s condi\u00e7\u00f5es de higiene do local.<\/p>\n<p>Servi\u00e7os veterin\u00e1rios n\u00e3o podem estar vinculados \u00e0 venda de produtos da pr\u00f3pria cl\u00ednica. Em caso de vacina\u00e7\u00e3o do animal, verifique se a vacina est\u00e1 dentro do prazo de validade.<\/p>\n","protected":false},"excerpt":{"rendered":"<p>Ter um animal de estima\u00e7\u00e3o exige muita responsabilidade. Alimentar corretamente, cuidar da higiene, levar para passear, dar aten\u00e7\u00e3o e n\u00e3o maltratar fazem parte dos cuidados para a posse consciente. O blog Educa\u00e7\u00e3o para o Consumo da Funda\u00e7\u00e3o Procon-SP preparou um conte\u00fado especial com dicas de cuidados para os pets. As orienta\u00e7\u00f5es visam preservar a sa\u00fade [&hellip;]<\/p>\n","protected":false},"author":2,"featured_media":36828,"comment_status":"open","ping_status":"closed","sticky":false,"template":"","format":"standard","meta":{"_genesis_hide_title":false,"_genesis_hide_breadcrumbs":false,"_genesis_hide_singular_image":false,"_genesis_hide_footer_widgets":false,"_genesis_custom_body_class":"","_genesis_custom_post_class":"","_genesis_layout":"","_jetpack_memberships_contains_paid_content":false,"footnotes":""},"categories":[22],"tags":[],"class_list":{"0":"post-68004","1":"post","2":"type-post","3":"status-publish","4":"format-standard","5":"has-post-thumbnail","7":"category-brasil","8":"entry","9":"gs-1","10":"gs-odd","11":"gs-even","12":"gs-featured-content-entry"},"jetpack_featured_media_url":"https:\/\/www.redenoticia.com.br\/noticia\/imagens\/pet1.jpg","jetpack_sharing_enabled":true,"jetpack_likes_enabled":true,"_links":{"self":[{"href":"https:\/\/www.redenoticia.com.br\/noticia\/wp-json\/wp\/v2\/posts\/68004","targetHints":{"allow":["GET"]}}],"collection":[{"href":"https:\/\/www.redenoticia.com.br\/noticia\/wp-json\/wp\/v2\/posts"}],"about":[{"href":"https:\/\/www.redenoticia.com.br\/noticia\/wp-json\/wp\/v2\/types\/post"}],"author":[{"embeddable":true,"href":"https:\/\/www.redenoticia.com.br\/noticia\/wp-json\/wp\/v2\/users\/2"}],"replies":[{"embeddable":true,"href":"https:\/\/www.redenoticia.com.br\/noticia\/wp-json\/wp\/v2\/comments?post=68004"}],"version-history":[{"count":0,"href":"https:\/\/www.redenoticia.com.br\/noticia\/wp-json\/wp\/v2\/posts\/68004\/revisions"}],"wp:featuredmedia":[{"embeddable":true,"href":"https:\/\/www.redenoticia.com.br\/noticia\/wp-json\/wp\/v2\/media\/36828"}],"wp:attachment":[{"href":"https:\/\/www.redenoticia.com.br\/noticia\/wp-json\/wp\/v2\/media?parent=68004"}],"wp:term":[{"taxonomy":"category","embeddable":true,"href":"https:\/\/www.redenoticia.com.br\/noticia\/wp-json\/wp\/v2\/categories?post=68004"},{"taxonomy":"post_tag","embeddable":true,"href":"https:\/\/www.redenoticia.com.br\/noticia\/wp-json\/wp\/v2\/tags?post=68004"}],"curies":[{"name":"wp","href":"https:\/\/api.w.org\/{rel}","templated":true}]}}