{"id":6800,"date":"2009-07-29T10:42:37","date_gmt":"2009-07-29T14:42:37","guid":{"rendered":"http:\/\/www.redenoticia.com.br\/noticia\/?p=6800"},"modified":"2009-07-29T10:42:55","modified_gmt":"2009-07-29T14:42:55","slug":"copa-rondonia-realiza-congresso-tecnico-em-ji-parana","status":"publish","type":"post","link":"https:\/\/www.redenoticia.com.br\/noticia\/2009\/copa-rondonia-realiza-congresso-tecnico-em-ji-parana\/6800","title":{"rendered":"Copa Rond\u00f4nia realiza congresso t\u00e9cnico em Ji-Paran\u00e1"},"content":{"rendered":"<p>Com apoio da Secretaria Municipal de Esportes (Semes) de Ji-Paran\u00e1, aconteceu na \u00faltima segunda-feira o Congresso T\u00e9cnico da regi\u00e3o centro para tratar dos assuntos referentes \u00e0 Copa Rond\u00f4nia de Futebol Amador 2009. Coordenada pelo professor J\u00falio Botelho, o evento aconteceu na sede da Semes, no Gin\u00e1sio de Esportes Gerivaldo Jos\u00e9 de Souza (Gerivald\u00e3o), com representantes dos munic\u00edpios de Ouro Preto do Oeste, Urup\u00e1, Presidente M\u00e9dici e tamb\u00e9m de Ji-Paran\u00e1, representada pelo Secret\u00e1rio Municipal de Esportes, Cleberson Jair, o \u201cBiro Biro\u201d, que reafirmou parceria do munic\u00edpio na competi\u00e7\u00e3o.<\/p>\n<p>A competi\u00e7\u00e3o ser\u00e1 disputada nas categorias adulto e m\u00e1ster, para futebol de campo e de sal\u00e3o. No segmento adulto de campo entram equipes femininas e masculinas, j\u00e1 no m\u00e1ster, apenas masculina. Para o Futsal acontecer\u00e3o apenas disputas na categoria adulto, por\u00e9m masculina e feminina.<\/p>\n<p>Os encontros, que tiveram in\u00edcio na \u00faltima quinta-feira em Vilhena, acontecem por regi\u00f5es, para defini\u00e7\u00e3o de cada grupo. Na ter\u00e7a-feira aconteceu o encontro da regional de Jaru, ontem foi a vez de Ariquemes, e hoje (30) acontecer\u00e1 em Porto Velho.<\/p>\n<p>Durante a reuni\u00e3o, o professor J\u00falio Botelho exp\u00f4s algumas altera\u00e7\u00f5es para este ano, entre elas: na categoria M\u00e1ster, que s\u00f3 podem ser inscritos jogadores at\u00e9 30 anos, al\u00e9m dos dois jogadores de linha com idade m\u00ednima de 34 anos que j\u00e1 eram permitidos, cada equipe poder\u00e1 inscrever um goleiro com 30 anos ou mais.<\/p>\n<p>Ap\u00f3s discutirem regulamento, foi feito o sorteio dos jogos de abertura, que devem acontecer at\u00e9 o dia 15 de agosto. Na categoria m\u00e1ster est\u00e3o confirmadas cinco equipes, Rio Madeira\/Ji-Paran\u00e1, Ouro Preto do Oeste, Urup\u00e1, Mirante da Serra e Presidente M\u00e9dici. A rodada inicial da m\u00e1ster ter\u00e1 os seguintes confrontos: M\u00e9dici x Urup\u00e1 e Ouro Preto x Mirante. O Rio Madeira\/Ji-Paran\u00e1 ficou s\u00f3 ir\u00e1 estrear na 2\u00aa fase com vencedor de M\u00e9dici x Urup\u00e1. Os jogos acontecem de forma alternada nas cidades de cada equipe.<\/p>\n<p>Na categoria adulto foram confirmadas a presen\u00e7a das equipes de Ouro Preto do Oeste, Urup\u00e1, Semes\/ Ji-Paran\u00e1 e Mirante da Serra.\u00a0 Na primeira fase os confrontos ser\u00e3o:\u00a0 Ouro Preto x Semes\/Ji-Paran\u00e1, Urup\u00e1 x Mirante. \u201cVale lembrar que a partir da primeira fase os jogos acontecem de forma eliminat\u00f3ria por regional\u201d, completou J\u00falio Botelho.<\/p>\n<p>A Copa Rond\u00f4nia \u00e9\u00a0uma realiza\u00e7\u00e3o da Secretaria Estadual de Cultura, Esporte e Lazer (Secel) em parceria com as secretarias municipais.<\/p>\n","protected":false},"excerpt":{"rendered":"<p>Com apoio da Secretaria Municipal de Esportes (Semes) de Ji-Paran\u00e1, aconteceu na \u00faltima segunda-feira o Congresso T\u00e9cnico da regi\u00e3o centro para tratar dos assuntos referentes \u00e0 Copa Rond\u00f4nia de Futebol Amador 2009. Coordenada pelo professor J\u00falio Botelho, o evento aconteceu na sede da Semes, no Gin\u00e1sio de Esportes Gerivaldo Jos\u00e9 de Souza (Gerivald\u00e3o), com representantes [&hellip;]<\/p>\n","protected":false},"author":3,"featured_media":0,"comment_status":"open","ping_status":"open","sticky":false,"template":"","format":"standard","meta":{"_genesis_hide_title":false,"_genesis_hide_breadcrumbs":false,"_genesis_hide_singular_image":false,"_genesis_hide_footer_widgets":false,"_genesis_custom_body_class":"","_genesis_custom_post_class":"","_genesis_layout":"","_jetpack_memberships_contains_paid_content":false,"footnotes":""},"categories":[22],"tags":[],"class_list":{"0":"post-6800","1":"post","2":"type-post","3":"status-publish","4":"format-standard","6":"category-brasil","7":"entry","8":"gs-1","9":"gs-odd","10":"gs-even","11":"gs-featured-content-entry"},"jetpack_featured_media_url":"","jetpack_sharing_enabled":true,"jetpack_likes_enabled":true,"_links":{"self":[{"href":"https:\/\/www.redenoticia.com.br\/noticia\/wp-json\/wp\/v2\/posts\/6800","targetHints":{"allow":["GET"]}}],"collection":[{"href":"https:\/\/www.redenoticia.com.br\/noticia\/wp-json\/wp\/v2\/posts"}],"about":[{"href":"https:\/\/www.redenoticia.com.br\/noticia\/wp-json\/wp\/v2\/types\/post"}],"author":[{"embeddable":true,"href":"https:\/\/www.redenoticia.com.br\/noticia\/wp-json\/wp\/v2\/users\/3"}],"replies":[{"embeddable":true,"href":"https:\/\/www.redenoticia.com.br\/noticia\/wp-json\/wp\/v2\/comments?post=6800"}],"version-history":[{"count":0,"href":"https:\/\/www.redenoticia.com.br\/noticia\/wp-json\/wp\/v2\/posts\/6800\/revisions"}],"wp:attachment":[{"href":"https:\/\/www.redenoticia.com.br\/noticia\/wp-json\/wp\/v2\/media?parent=6800"}],"wp:term":[{"taxonomy":"category","embeddable":true,"href":"https:\/\/www.redenoticia.com.br\/noticia\/wp-json\/wp\/v2\/categories?post=6800"},{"taxonomy":"post_tag","embeddable":true,"href":"https:\/\/www.redenoticia.com.br\/noticia\/wp-json\/wp\/v2\/tags?post=6800"}],"curies":[{"name":"wp","href":"https:\/\/api.w.org\/{rel}","templated":true}]}}