{"id":67945,"date":"2015-03-17T14:53:01","date_gmt":"2015-03-17T17:53:01","guid":{"rendered":"http:\/\/www.redenoticia.com.br\/noticia\/?p=67945"},"modified":"2015-03-17T14:53:01","modified_gmt":"2015-03-17T17:53:01","slug":"ajustes-economicos-e-problemas-politicos-afetam-o-mercado-diz-economista","status":"publish","type":"post","link":"https:\/\/www.redenoticia.com.br\/noticia\/2015\/ajustes-economicos-e-problemas-politicos-afetam-o-mercado-diz-economista\/67945","title":{"rendered":"Ajustes econ\u00f4micos e problemas pol\u00edticos afetam o mercado, diz economista"},"content":{"rendered":"<p> O Indicador <strong><em>Antecedente Composto da Economia<\/em><\/strong> (Iace) para o Brasil caiu 1,3%, em fevereiro, ao atingir 92,2 pontos. Essa redu\u00e7\u00e3o ocorre ap\u00f3s os recuos de 1,7%, em janeiro, e 0,2%, em dezembro. O levantamento feito pelo Instituto Brasileiro de Economia da Funda\u00e7\u00e3o Getulio Vargas (Ibre\/FGV), em conjunto com a institui\u00e7\u00e3o americana The Conference Board, mostra que o resultado reflete o desempenho do Ibovespa e da produ\u00e7\u00e3o de bens de consumo dur\u00e1veis.<\/p>\n<p> Em nota, o economista do Ibre\/FGV Paulo Picchetti disse que as medidas de ajustes adotadas pelo governo federal e as dificuldades pol\u00edticas influenciaram o comportamento do mercado, indicando para o curto prazo um enfraquecimento das expectativas de crescimento econ\u00f4mico. No entanto, destacou que as \u201cpol\u00edticas fiscais e monet\u00e1rias, tanto as j\u00e1 implementadas quanto as que ainda entrar\u00e3o em vigor, devem melhorar o crescimento econ\u00f4mico brasileiro no m\u00e9dio a longo prazos\u201d.<\/p>\n<p>Ataman Ozyildirim, economista do The Conference Board (TCB), acrescentou que \u201ca taxa de crescimento de seis meses do Iace foi empurrada ainda mais para o territ\u00f3rio negativo, o que sinaliza que o crescimento econ\u00f4mico [do Brasil] deve entrar em deteriora\u00e7\u00e3o no curto prazo\u201d.<\/p>\n<p>O Indicador Coincidente Composto da Economia (ICCE) do Brasil, tamb\u00e9m calculado em conjunto pelas duas institui\u00e7\u00f5es, mostrou avan\u00e7o de 0,1% e alcan\u00e7ou 105,3 pontos. Isso, segundo o Ibre\/FGV, demonstra perda no ritmo de alta. Em janeiro, houve alta de 0,6%. Em dezembro do ano passado, o indicador recuou 1,5%.<\/p>\n<p>Esses indicadores mostram uma tend\u00eancia realista da economia, e o Iace permite uma compara\u00e7\u00e3o direta dos ciclos econ\u00f4micos do Brasil com os de 11 pa\u00edses e regi\u00f5es j\u00e1 cobertos pelo TCB: China, Estados Unidos, Zona do Euro, Austr\u00e1lia, Fran\u00e7a, Alemanha, Jap\u00e3o, M\u00e9xico, Cor\u00e9ia, Espanha e Reino Unido.<\/p>\n<p>O indicador leva em considera\u00e7\u00e3o oito componentes que medem a atividade econ\u00f4mica no Brasil. Entre eles, a taxa referencial de swaps DI pr\u00e9-fixada-360 dias; o Ibovespa; o \u00cdndice de Termos de Troca e o \u00edndice de quantum de exporta\u00e7\u00f5es, ambos da Funda\u00e7\u00e3o Centro de Estudos do Com\u00e9rcio Exterior (Funcex). Os \u00edndices de expectativas das sondagens da Ind\u00fastria; dos Servi\u00e7os e do consumidor, medidos pelo Ibre\/FGV, e o \u00edndice de produ\u00e7\u00e3o de bens de consumo dur\u00e1veis, do Instituto Brasileiro de Geografia e Estat\u00edstica (IBGE), tamb\u00e9m integram a base de dados para o c\u00e1lculo do indicador.<\/p>\n<p>Marli Moreira &#8211; Rep\u00f3rter da Ag\u00eancia Brasil<br \/>\nEdi\u00e7\u00e3o: Marcos Chagas<\/p>\n","protected":false},"excerpt":{"rendered":"<p>O Indicador Antecedente Composto da Economia (Iace) para o Brasil caiu 1,3%, em fevereiro, ao atingir 92,2 pontos. Essa redu\u00e7\u00e3o ocorre ap\u00f3s os recuos de 1,7%, em janeiro, e 0,2%, em dezembro. O levantamento feito pelo Instituto Brasileiro de Economia da Funda\u00e7\u00e3o Getulio Vargas (Ibre\/FGV), em conjunto com a institui\u00e7\u00e3o americana The Conference Board, mostra [&hellip;]<\/p>\n","protected":false},"author":2,"featured_media":57583,"comment_status":"open","ping_status":"closed","sticky":false,"template":"","format":"standard","meta":{"_genesis_hide_title":false,"_genesis_hide_breadcrumbs":false,"_genesis_hide_singular_image":false,"_genesis_hide_footer_widgets":false,"_genesis_custom_body_class":"","_genesis_custom_post_class":"","_genesis_layout":"","_jetpack_memberships_contains_paid_content":false,"footnotes":""},"categories":[22,7],"tags":[],"class_list":{"0":"post-67945","1":"post","2":"type-post","3":"status-publish","4":"format-standard","5":"has-post-thumbnail","7":"category-brasil","8":"category-economia","9":"entry","10":"gs-1","11":"gs-odd","12":"gs-even","13":"gs-featured-content-entry"},"jetpack_featured_media_url":"https:\/\/www.redenoticia.com.br\/noticia\/imagens\/economia-grafico.jpg","jetpack_sharing_enabled":true,"jetpack_likes_enabled":true,"_links":{"self":[{"href":"https:\/\/www.redenoticia.com.br\/noticia\/wp-json\/wp\/v2\/posts\/67945","targetHints":{"allow":["GET"]}}],"collection":[{"href":"https:\/\/www.redenoticia.com.br\/noticia\/wp-json\/wp\/v2\/posts"}],"about":[{"href":"https:\/\/www.redenoticia.com.br\/noticia\/wp-json\/wp\/v2\/types\/post"}],"author":[{"embeddable":true,"href":"https:\/\/www.redenoticia.com.br\/noticia\/wp-json\/wp\/v2\/users\/2"}],"replies":[{"embeddable":true,"href":"https:\/\/www.redenoticia.com.br\/noticia\/wp-json\/wp\/v2\/comments?post=67945"}],"version-history":[{"count":0,"href":"https:\/\/www.redenoticia.com.br\/noticia\/wp-json\/wp\/v2\/posts\/67945\/revisions"}],"wp:featuredmedia":[{"embeddable":true,"href":"https:\/\/www.redenoticia.com.br\/noticia\/wp-json\/wp\/v2\/media\/57583"}],"wp:attachment":[{"href":"https:\/\/www.redenoticia.com.br\/noticia\/wp-json\/wp\/v2\/media?parent=67945"}],"wp:term":[{"taxonomy":"category","embeddable":true,"href":"https:\/\/www.redenoticia.com.br\/noticia\/wp-json\/wp\/v2\/categories?post=67945"},{"taxonomy":"post_tag","embeddable":true,"href":"https:\/\/www.redenoticia.com.br\/noticia\/wp-json\/wp\/v2\/tags?post=67945"}],"curies":[{"name":"wp","href":"https:\/\/api.w.org\/{rel}","templated":true}]}}