{"id":67943,"date":"2015-03-17T14:50:15","date_gmt":"2015-03-17T17:50:15","guid":{"rendered":"http:\/\/www.redenoticia.com.br\/noticia\/?p=67943"},"modified":"2015-03-17T14:50:15","modified_gmt":"2015-03-17T17:50:15","slug":"aumenta-busca-de-credito-por-pequenas-e-medias-empresas","status":"publish","type":"post","link":"https:\/\/www.redenoticia.com.br\/noticia\/2015\/aumenta-busca-de-credito-por-pequenas-e-medias-empresas\/67943","title":{"rendered":"Aumenta busca de cr\u00e9dito por pequenas e m\u00e9dias empresas"},"content":{"rendered":"<p> As empresas aumentaram em 5,8% a <strong><em>procura por cr\u00e9dito<\/em><\/strong>, em fevereiro, em rela\u00e7\u00e3o a janeiro, e 4,8% sobre o mesmo m\u00eas do ano passado. Nos dois primeiros meses do ano, essa busca cresceu 5,6%. Os dados s\u00e3o da pesquisa Indicador Serasa Experian de Demanda das Empresas.<\/p>\n<p>As micro e pequenas empresas lideraram a busca por cr\u00e9dito, com alta acima da m\u00e9dia de 6,2% na compara\u00e7\u00e3o com janeiro, e 6,7% no bimestre sobre o mesmo per\u00edodo de 2014. Nas empresas de m\u00e9dio porte, houve queda  na procura por cr\u00e9dito de 0,1% se comparado a janeiro e retra\u00e7\u00e3o ainda maior, de 10,9%, no bimestre. No segmento de grandes empresas, a varia\u00e7\u00e3o tamb\u00e9m foi de queda, com taxa de 1,3% em fevereiro sobre janeiro, e 2,3% no acumulado dos dois primeiros meses do ano.<\/p>\n<p> Os economistas da Serasa Experian justificaram que a maior dificuldade no acesso ao cr\u00e9dito pode levar as micro e pequenas empresas a procurar novas op\u00e7\u00f5es para manter as suas atividades. \u201cAs micro e pequenas empresas estariam buscando outras fontes alternativas de financiamento, como o cr\u00e9dito mercantil, por exemplo\u201d, dizem os profissionais da Serasa.<\/p>\n<p>O setor de servi\u00e7os \u00e9 o que mais tem tomado cr\u00e9dito. Nessa \u00e1rea, houve aumento de 6,6% entre fevereiro e janeiro. Outros setores que registraram crescimento na busca de cr\u00e9dito foram o com\u00e9rcio (5,5%) e a ind\u00fastria (3,6%).<\/p>\n<p>No acumulado dos dois primeiros meses do ano, o com\u00e9rcio liderou a procura com avan\u00e7o de 9,8%. Os servi\u00e7os aumentaram a tomada de cr\u00e9dito em 7,3%. Nesse mesmo per\u00edodo, o segmento industrial diminuiu o interesse em 14,1%.<\/p>\n<p>Por regi\u00e3o, o maior crescimento sobre janeiro foi registrado no Centro-Oeste (7,3%), seguido do Sudeste (6,5%); Sul (6,2%); Norte (4,7%) e Nordeste (2,9%). No bimestre, a demanda foi liderada pelo Norte (9,5%), seguido pelo Centro-Oeste (8,3%); Sul (7%); Nordeste (4,2%) e Sudeste (2,9%).<\/p>\n<p>O c\u00e1lculo dessas varia\u00e7\u00f5es foi feito com base no acompanhamento por amostras representadas por 1,2 milh\u00e3o de empresas com Cadastro Nacional da Pessoa Jur\u00eddica (CNPJ).<\/p>\n<p>Marli Moreira &#8211; Rep\u00f3rter da Ag\u00eancia Brasil<br \/>\nEdi\u00e7\u00e3o: Marcos Chagas<\/p>\n","protected":false},"excerpt":{"rendered":"<p>As empresas aumentaram em 5,8% a procura por cr\u00e9dito, em fevereiro, em rela\u00e7\u00e3o a janeiro, e 4,8% sobre o mesmo m\u00eas do ano passado. Nos dois primeiros meses do ano, essa busca cresceu 5,6%. Os dados s\u00e3o da pesquisa Indicador Serasa Experian de Demanda das Empresas. As micro e pequenas empresas lideraram a busca por [&hellip;]<\/p>\n","protected":false},"author":2,"featured_media":38940,"comment_status":"open","ping_status":"closed","sticky":false,"template":"","format":"standard","meta":{"_genesis_hide_title":false,"_genesis_hide_breadcrumbs":false,"_genesis_hide_singular_image":false,"_genesis_hide_footer_widgets":false,"_genesis_custom_body_class":"","_genesis_custom_post_class":"","_genesis_layout":"","_jetpack_memberships_contains_paid_content":false,"footnotes":""},"categories":[22,7],"tags":[],"class_list":{"0":"post-67943","1":"post","2":"type-post","3":"status-publish","4":"format-standard","5":"has-post-thumbnail","7":"category-brasil","8":"category-economia","9":"entry","10":"gs-1","11":"gs-odd","12":"gs-even","13":"gs-featured-content-entry"},"jetpack_featured_media_url":"https:\/\/www.redenoticia.com.br\/noticia\/imagens\/grafico.jpg","jetpack_sharing_enabled":true,"jetpack_likes_enabled":true,"_links":{"self":[{"href":"https:\/\/www.redenoticia.com.br\/noticia\/wp-json\/wp\/v2\/posts\/67943","targetHints":{"allow":["GET"]}}],"collection":[{"href":"https:\/\/www.redenoticia.com.br\/noticia\/wp-json\/wp\/v2\/posts"}],"about":[{"href":"https:\/\/www.redenoticia.com.br\/noticia\/wp-json\/wp\/v2\/types\/post"}],"author":[{"embeddable":true,"href":"https:\/\/www.redenoticia.com.br\/noticia\/wp-json\/wp\/v2\/users\/2"}],"replies":[{"embeddable":true,"href":"https:\/\/www.redenoticia.com.br\/noticia\/wp-json\/wp\/v2\/comments?post=67943"}],"version-history":[{"count":0,"href":"https:\/\/www.redenoticia.com.br\/noticia\/wp-json\/wp\/v2\/posts\/67943\/revisions"}],"wp:featuredmedia":[{"embeddable":true,"href":"https:\/\/www.redenoticia.com.br\/noticia\/wp-json\/wp\/v2\/media\/38940"}],"wp:attachment":[{"href":"https:\/\/www.redenoticia.com.br\/noticia\/wp-json\/wp\/v2\/media?parent=67943"}],"wp:term":[{"taxonomy":"category","embeddable":true,"href":"https:\/\/www.redenoticia.com.br\/noticia\/wp-json\/wp\/v2\/categories?post=67943"},{"taxonomy":"post_tag","embeddable":true,"href":"https:\/\/www.redenoticia.com.br\/noticia\/wp-json\/wp\/v2\/tags?post=67943"}],"curies":[{"name":"wp","href":"https:\/\/api.w.org\/{rel}","templated":true}]}}