{"id":67941,"date":"2015-03-17T14:45:16","date_gmt":"2015-03-17T17:45:16","guid":{"rendered":"http:\/\/www.redenoticia.com.br\/noticia\/?p=67941"},"modified":"2015-03-17T14:45:16","modified_gmt":"2015-03-17T17:45:16","slug":"cinco-de-sete-capitais-brasileiras-registram-aumento-de-ipc-s","status":"publish","type":"post","link":"https:\/\/www.redenoticia.com.br\/noticia\/2015\/cinco-de-sete-capitais-brasileiras-registram-aumento-de-ipc-s\/67941","title":{"rendered":"Cinco de sete capitais brasileiras registram aumento de IPC-S"},"content":{"rendered":"<p> Cinco das sete capitais brasileiras inclu\u00eddas na pesquisa do <strong><em>\u00cdndice de Pre\u00e7os ao Consumidor Semanal<\/em><\/strong> (IPC-S) registraram aumento em suas taxas: o maior aumento, correspondente a 0,48 ponto percentual, ocorreu em Porto Alegre: o \u00edndice passou de 1,22% para 1,7%. O maior aumento, em termos absolutos, ocorreu em Bras\u00edlia: o \u00edndice passou de 1,49% para 1,87%.<\/p>\n<p>O IPC-S m\u00e9dio (abrangendo as sete capitais), pesquisado em 15 de mar\u00e7o de 2015, teve aumento de 1,49%, 0,23 ponto percentual acima da taxa divulgada na \u00faltima apura\u00e7\u00e3o, ocorrida em 7 de mar\u00e7o. Na \u00faltima apura\u00e7\u00e3o, o \u00edndice chegou a 1,26%. A pesquisa \u00e9 feita pelo Instituto Brasileiro de Economia (Ibre) da Funda\u00e7\u00e3o Getulio Vargas (FGV).<\/p>\n<p>O IPC-S \u00e9 uma vers\u00e3o do \u00cdndice de Pre\u00e7os ao Consumidor (IPC), que mede a varia\u00e7\u00e3o de pre\u00e7os de um conjunto fixo de bens e servi\u00e7os componentes de despesas habituais de fam\u00edlias com renda entre um e 33 sal\u00e1rios m\u00ednimos mensais. A pesquisa de pre\u00e7os ocorre diariamente, cobrindo sete das principais capitais do pa\u00eds: S\u00e3o Paulo, Rio de Janeiro, Belo Horizonte, Salvador, Recife, Porto Alegre e Bras\u00edlia.<\/p>\n<p>O IPC-S baseia-se em um sistema de coleta quadrissemanal, com encerramento em quatro datas pr\u00e9-estabelecidas (7, 15, 22 e 31). Apesar de a coleta ser semanal, a apura\u00e7\u00e3o das taxas de varia\u00e7\u00e3o leva em conta a m\u00e9dia dos pre\u00e7os coletados nas quatro \u00faltimas semanas at\u00e9 a data de fechamento.<\/p>\n<p>As outras capitais que registraram aumento do IPC-S foram as seguintes: Rio de Janeiro, de 1,09% para 1,42%; S\u00e3o Paulo, de 1,30% para 1,50%; e Salvador, de 1,27% para 1,45%. Belo Horizonte registrou o mesmo \u00edndice: 1,49%. Recife foi a \u00fanica capital que registrou decr\u00e9scimo de IPC-S: de 1,11% para 0,81%, queda de 0,30 ponto percentual.<\/p>\n<p>Nielmar de Oliveira &#8211; Rep\u00f3rter da Ag\u00eancia Brasil<br \/>\nEdi\u00e7\u00e3o: Jos\u00e9 Romildo<\/p>\n","protected":false},"excerpt":{"rendered":"<p>Cinco das sete capitais brasileiras inclu\u00eddas na pesquisa do \u00cdndice de Pre\u00e7os ao Consumidor Semanal (IPC-S) registraram aumento em suas taxas: o maior aumento, correspondente a 0,48 ponto percentual, ocorreu em Porto Alegre: o \u00edndice passou de 1,22% para 1,7%. O maior aumento, em termos absolutos, ocorreu em Bras\u00edlia: o \u00edndice passou de 1,49% para [&hellip;]<\/p>\n","protected":false},"author":2,"featured_media":57584,"comment_status":"open","ping_status":"closed","sticky":false,"template":"","format":"standard","meta":{"_genesis_hide_title":false,"_genesis_hide_breadcrumbs":false,"_genesis_hide_singular_image":false,"_genesis_hide_footer_widgets":false,"_genesis_custom_body_class":"","_genesis_custom_post_class":"","_genesis_layout":"","_jetpack_memberships_contains_paid_content":false,"footnotes":""},"categories":[22,7],"tags":[],"class_list":{"0":"post-67941","1":"post","2":"type-post","3":"status-publish","4":"format-standard","5":"has-post-thumbnail","7":"category-brasil","8":"category-economia","9":"entry","10":"gs-1","11":"gs-odd","12":"gs-even","13":"gs-featured-content-entry"},"jetpack_featured_media_url":"https:\/\/www.redenoticia.com.br\/noticia\/imagens\/economia-grafica-analise-inflacao.jpg","jetpack_sharing_enabled":true,"jetpack_likes_enabled":true,"_links":{"self":[{"href":"https:\/\/www.redenoticia.com.br\/noticia\/wp-json\/wp\/v2\/posts\/67941","targetHints":{"allow":["GET"]}}],"collection":[{"href":"https:\/\/www.redenoticia.com.br\/noticia\/wp-json\/wp\/v2\/posts"}],"about":[{"href":"https:\/\/www.redenoticia.com.br\/noticia\/wp-json\/wp\/v2\/types\/post"}],"author":[{"embeddable":true,"href":"https:\/\/www.redenoticia.com.br\/noticia\/wp-json\/wp\/v2\/users\/2"}],"replies":[{"embeddable":true,"href":"https:\/\/www.redenoticia.com.br\/noticia\/wp-json\/wp\/v2\/comments?post=67941"}],"version-history":[{"count":0,"href":"https:\/\/www.redenoticia.com.br\/noticia\/wp-json\/wp\/v2\/posts\/67941\/revisions"}],"wp:featuredmedia":[{"embeddable":true,"href":"https:\/\/www.redenoticia.com.br\/noticia\/wp-json\/wp\/v2\/media\/57584"}],"wp:attachment":[{"href":"https:\/\/www.redenoticia.com.br\/noticia\/wp-json\/wp\/v2\/media?parent=67941"}],"wp:term":[{"taxonomy":"category","embeddable":true,"href":"https:\/\/www.redenoticia.com.br\/noticia\/wp-json\/wp\/v2\/categories?post=67941"},{"taxonomy":"post_tag","embeddable":true,"href":"https:\/\/www.redenoticia.com.br\/noticia\/wp-json\/wp\/v2\/tags?post=67941"}],"curies":[{"name":"wp","href":"https:\/\/api.w.org\/{rel}","templated":true}]}}