{"id":67939,"date":"2015-03-17T14:42:09","date_gmt":"2015-03-17T17:42:09","guid":{"rendered":"http:\/\/www.redenoticia.com.br\/noticia\/?p=67939"},"modified":"2015-03-17T14:42:09","modified_gmt":"2015-03-17T17:42:09","slug":"igp-10-avanca-para-083-em-marco","status":"publish","type":"post","link":"https:\/\/www.redenoticia.com.br\/noticia\/2015\/igp-10-avanca-para-083-em-marco\/67939","title":{"rendered":"IGP-10 avan\u00e7a para 0,83% em mar\u00e7o"},"content":{"rendered":"<p> A <strong><em>infla\u00e7\u00e3o<\/em><\/strong> medida pelo \u00cdndice Geral de Pre\u00e7os\u201310 (IGP-10) ficou em 0,83% em mar\u00e7o deste ano, taxa acima da observada em fevereiro (0,43%). Segundo a Funda\u00e7\u00e3o Getulio Vargas (FGV), o \u00edndice acumula taxas de 1,29% desde o in\u00edcio do ano e de 3,83% em 12 meses.<\/p>\n<p>A alta do IGP-10 na passagem de fevereiro para mar\u00e7o foi provocada pelos pre\u00e7os no atacado, medidos pelo Sub\u00edndice de Pre\u00e7os ao Produtor Amplo, cuja infla\u00e7\u00e3o subiu de 0,03% em fevereiro para 0,75% neste m\u00eas.<\/p>\n<p>Os pre\u00e7os no varejo, medidos pelo Sub\u00edndice de Pre\u00e7os ao Consumidor, tiveram queda na taxa, mas ainda apresentam aumento de pre\u00e7os acima de 1%. O sub\u00edndice caiu de 1,39% em fevereiro para 1,29% em mar\u00e7o.<\/p>\n<p>Tamb\u00e9m teve queda a infla\u00e7\u00e3o da constru\u00e7\u00e3o civil, medida pelo Sub\u00edndice Nacional de Custo da Constru\u00e7\u00e3o, que passou de 0,8% para 0,24% no per\u00edodo. O IGP-10 \u00e9 medido com base em pre\u00e7os coletados entre os dias 11 do m\u00eas anterior e 10 do m\u00eas de refer\u00eancia.<\/p>\n<p>Vitor Abdala &#8211; Rep\u00f3rter da Ag\u00eancia Brasil<br \/>\nEdi\u00e7\u00e3o: Denise Griesinger<\/p>\n","protected":false},"excerpt":{"rendered":"<p>A infla\u00e7\u00e3o medida pelo \u00cdndice Geral de Pre\u00e7os\u201310 (IGP-10) ficou em 0,83% em mar\u00e7o deste ano, taxa acima da observada em fevereiro (0,43%). Segundo a Funda\u00e7\u00e3o Getulio Vargas (FGV), o \u00edndice acumula taxas de 1,29% desde o in\u00edcio do ano e de 3,83% em 12 meses. A alta do IGP-10 na passagem de fevereiro para [&hellip;]<\/p>\n","protected":false},"author":2,"featured_media":34916,"comment_status":"open","ping_status":"closed","sticky":false,"template":"","format":"standard","meta":{"_genesis_hide_title":false,"_genesis_hide_breadcrumbs":false,"_genesis_hide_singular_image":false,"_genesis_hide_footer_widgets":false,"_genesis_custom_body_class":"","_genesis_custom_post_class":"","_genesis_layout":"","_jetpack_memberships_contains_paid_content":false,"footnotes":""},"categories":[22,7],"tags":[],"class_list":{"0":"post-67939","1":"post","2":"type-post","3":"status-publish","4":"format-standard","5":"has-post-thumbnail","7":"category-brasil","8":"category-economia","9":"entry","10":"gs-1","11":"gs-odd","12":"gs-even","13":"gs-featured-content-entry"},"jetpack_featured_media_url":"https:\/\/www.redenoticia.com.br\/noticia\/imagens\/inflacao.jpg","jetpack_sharing_enabled":true,"jetpack_likes_enabled":true,"_links":{"self":[{"href":"https:\/\/www.redenoticia.com.br\/noticia\/wp-json\/wp\/v2\/posts\/67939","targetHints":{"allow":["GET"]}}],"collection":[{"href":"https:\/\/www.redenoticia.com.br\/noticia\/wp-json\/wp\/v2\/posts"}],"about":[{"href":"https:\/\/www.redenoticia.com.br\/noticia\/wp-json\/wp\/v2\/types\/post"}],"author":[{"embeddable":true,"href":"https:\/\/www.redenoticia.com.br\/noticia\/wp-json\/wp\/v2\/users\/2"}],"replies":[{"embeddable":true,"href":"https:\/\/www.redenoticia.com.br\/noticia\/wp-json\/wp\/v2\/comments?post=67939"}],"version-history":[{"count":0,"href":"https:\/\/www.redenoticia.com.br\/noticia\/wp-json\/wp\/v2\/posts\/67939\/revisions"}],"wp:featuredmedia":[{"embeddable":true,"href":"https:\/\/www.redenoticia.com.br\/noticia\/wp-json\/wp\/v2\/media\/34916"}],"wp:attachment":[{"href":"https:\/\/www.redenoticia.com.br\/noticia\/wp-json\/wp\/v2\/media?parent=67939"}],"wp:term":[{"taxonomy":"category","embeddable":true,"href":"https:\/\/www.redenoticia.com.br\/noticia\/wp-json\/wp\/v2\/categories?post=67939"},{"taxonomy":"post_tag","embeddable":true,"href":"https:\/\/www.redenoticia.com.br\/noticia\/wp-json\/wp\/v2\/tags?post=67939"}],"curies":[{"name":"wp","href":"https:\/\/api.w.org\/{rel}","templated":true}]}}