{"id":67935,"date":"2015-03-17T14:31:46","date_gmt":"2015-03-17T17:31:46","guid":{"rendered":"http:\/\/www.redenoticia.com.br\/noticia\/?p=67935"},"modified":"2015-03-17T14:31:46","modified_gmt":"2015-03-17T17:31:46","slug":"balanca-comercial-registra-deficit-de-us-24-milhoes-na-segunda-semana-do-mes","status":"publish","type":"post","link":"https:\/\/www.redenoticia.com.br\/noticia\/2015\/balanca-comercial-registra-deficit-de-us-24-milhoes-na-segunda-semana-do-mes\/67935","title":{"rendered":"Balan\u00e7a comercial registra d\u00e9ficit de US$ 24 milh\u00f5es na segunda semana do m\u00eas"},"content":{"rendered":"<p> A <strong><em>balan\u00e7a comercial<\/em><\/strong> registrou d\u00e9ficit de US$ 24 milh\u00f5es na segunda semana deste m\u00eas, resultado de exporta\u00e7\u00f5es de US$ 3,624 bilh\u00f5es e importa\u00e7\u00f5es de US$ 3,648 bilh\u00f5es. No m\u00eas, o saldo \u00e9 negativo: US$ 74 milh\u00f5es. Os dados foram divulgados pelo Minist\u00e9rio do Desenvolvimento, Ind\u00fastria e Com\u00e9rcio Exterior.<\/p>\n<p>A m\u00e9dia das exporta\u00e7\u00f5es da segunda semana chegou a US$ 724,8 milh\u00f5es, 7,8% inferior \u00e0 m\u00e9dia de US$ 786 milh\u00f5es da primeira semana, em raz\u00e3o da retra\u00e7\u00e3o nas exporta\u00e7\u00f5es de produtos manufaturados, como tubos de ferro fundido, laminados planos, autom\u00f3veis e partes, suco de laranja e ve\u00edculos de carga e dos b\u00e1sicos, como soja em gr\u00e3o, min\u00e9rio de ferro, carne de frango e bovina e farelo de soja. Cresceram as vendas externas de semimanufaturados de celulose, ouro em forma semimanufaturada, ferro fundido e \u00f3leo de soja em bruto, informou o minist\u00e9rio.<\/p>\n<p>Do lado das importa\u00e7\u00f5es, a m\u00e9dia di\u00e1ria das importa\u00e7\u00f5es chegou a US$ 729,6, uma retra\u00e7\u00e3o de 8,3% na compara\u00e7\u00e3o com a primeira semana do m\u00eas, explicada, principalmente, pela diminui\u00e7\u00e3o nos gastos com combust\u00edveis e lubrificantes, aparelhos eletroeletr\u00f4nicos, ve\u00edculos autom\u00f3veis,  pl\u00e1sticos e produtos sider\u00fargicos.<\/p>\n<p>Da Ag\u00eancia Brasil<br \/>\nEdi\u00e7\u00e3o: Jos\u00e9 Romildo<\/p>\n","protected":false},"excerpt":{"rendered":"<p>A balan\u00e7a comercial registrou d\u00e9ficit de US$ 24 milh\u00f5es na segunda semana deste m\u00eas, resultado de exporta\u00e7\u00f5es de US$ 3,624 bilh\u00f5es e importa\u00e7\u00f5es de US$ 3,648 bilh\u00f5es. No m\u00eas, o saldo \u00e9 negativo: US$ 74 milh\u00f5es. Os dados foram divulgados pelo Minist\u00e9rio do Desenvolvimento, Ind\u00fastria e Com\u00e9rcio Exterior. A m\u00e9dia das exporta\u00e7\u00f5es da segunda semana [&hellip;]<\/p>\n","protected":false},"author":2,"featured_media":40734,"comment_status":"open","ping_status":"closed","sticky":false,"template":"","format":"standard","meta":{"_genesis_hide_title":false,"_genesis_hide_breadcrumbs":false,"_genesis_hide_singular_image":false,"_genesis_hide_footer_widgets":false,"_genesis_custom_body_class":"","_genesis_custom_post_class":"","_genesis_layout":"","_jetpack_memberships_contains_paid_content":false,"footnotes":""},"categories":[22,7],"tags":[],"class_list":{"0":"post-67935","1":"post","2":"type-post","3":"status-publish","4":"format-standard","5":"has-post-thumbnail","7":"category-brasil","8":"category-economia","9":"entry","10":"gs-1","11":"gs-odd","12":"gs-even","13":"gs-featured-content-entry"},"jetpack_featured_media_url":"https:\/\/www.redenoticia.com.br\/noticia\/imagens\/economia-resultados.jpg","jetpack_sharing_enabled":true,"jetpack_likes_enabled":true,"_links":{"self":[{"href":"https:\/\/www.redenoticia.com.br\/noticia\/wp-json\/wp\/v2\/posts\/67935","targetHints":{"allow":["GET"]}}],"collection":[{"href":"https:\/\/www.redenoticia.com.br\/noticia\/wp-json\/wp\/v2\/posts"}],"about":[{"href":"https:\/\/www.redenoticia.com.br\/noticia\/wp-json\/wp\/v2\/types\/post"}],"author":[{"embeddable":true,"href":"https:\/\/www.redenoticia.com.br\/noticia\/wp-json\/wp\/v2\/users\/2"}],"replies":[{"embeddable":true,"href":"https:\/\/www.redenoticia.com.br\/noticia\/wp-json\/wp\/v2\/comments?post=67935"}],"version-history":[{"count":0,"href":"https:\/\/www.redenoticia.com.br\/noticia\/wp-json\/wp\/v2\/posts\/67935\/revisions"}],"wp:featuredmedia":[{"embeddable":true,"href":"https:\/\/www.redenoticia.com.br\/noticia\/wp-json\/wp\/v2\/media\/40734"}],"wp:attachment":[{"href":"https:\/\/www.redenoticia.com.br\/noticia\/wp-json\/wp\/v2\/media?parent=67935"}],"wp:term":[{"taxonomy":"category","embeddable":true,"href":"https:\/\/www.redenoticia.com.br\/noticia\/wp-json\/wp\/v2\/categories?post=67935"},{"taxonomy":"post_tag","embeddable":true,"href":"https:\/\/www.redenoticia.com.br\/noticia\/wp-json\/wp\/v2\/tags?post=67935"}],"curies":[{"name":"wp","href":"https:\/\/api.w.org\/{rel}","templated":true}]}}