{"id":67897,"date":"2015-03-16T14:36:08","date_gmt":"2015-03-16T17:36:08","guid":{"rendered":"http:\/\/www.redenoticia.com.br\/noticia\/?p=67897"},"modified":"2015-03-16T14:36:08","modified_gmt":"2015-03-16T17:36:08","slug":"economistas-dizem-que-nao-da-para-prever-quanto-o-dolar-ainda-pode-subir","status":"publish","type":"post","link":"https:\/\/www.redenoticia.com.br\/noticia\/2015\/economistas-dizem-que-nao-da-para-prever-quanto-o-dolar-ainda-pode-subir\/67897","title":{"rendered":"Economistas dizem que n\u00e3o d\u00e1 para prever quanto o d\u00f3lar ainda pode subir"},"content":{"rendered":"<p> Os brasileiros que precisam comprar d\u00f3lar para viajar ou para outros compromissos t\u00eam acompanhado com apreens\u00e3o a valoriza\u00e7\u00e3o da moeda norte-americana, principalmente nas \u00faltimas semanas. Apesar de o <strong><em>d\u00f3lar<\/em><\/strong> ter subido tamb\u00e9m em rela\u00e7\u00e3o a outras moedas, por conta de uma expectativa de aumento dos juros da economia americana, o que pode levar \u00e0 redu\u00e7\u00e3o do fluxo de capital para pa\u00edses emergentes, \u00e9 na compara\u00e7\u00e3o com o real que o d\u00f3lar apresenta uma de suas maiores altas.<\/p>\n<p>Desde o in\u00edcio do ano, a moeda subiu cerca de 5% frente ao peso mexicano e ao peso chileno, 8% em rela\u00e7\u00e3o ao rand, da \u00c1frica do Sul, e 13% sobre a lira, da Turquia. Na compara\u00e7\u00e3o com o real, a alta chegou a 22,2% em 2015, sendo 13,76% somente em mar\u00e7o. <\/p>\n<p>O professor de economia da Funda\u00e7\u00e3o Getulio Vargas (FGV) Mauro Rochlin credita a \u201calta desmedida\u201d do d\u00f3lar ao receio de que o ajuste fiscal proposto pelo governo, de R$ 66 bilh\u00f5es, n\u00e3o se concretize, o que poderia levar o pa\u00eds a perder seu grau de investimento e impactar a infla\u00e7\u00e3o. \u201cBasicamente, eu resumiria essa disparada [do valor do d\u00f3lar] como resultado do que a gente chama de avers\u00e3o ao risco. A alta do d\u00f3lar acaba refletindo essa maior avers\u00e3o ao risco, esse medo de que as coisas fujam ao controle, e, ent\u00e3o, o d\u00f3lar parece ser um porto seguro diante disso.\u201d<\/p>\n<p>Segundo o economista da FGV, a alta mais acentuada da moeda norte-americana nas \u00faltimas duas semanas est\u00e1 relacionada ao cen\u00e1rio pol\u00edtico do pa\u00eds: manifesta\u00e7\u00f5es nas ruas, divulga\u00e7\u00e3o da lista do procurador-geral da Rep\u00fablica, Rodrigo Janot, com nomes de parlamentares supostamente envolvidos em esquema de corrup\u00e7\u00e3o na Petrobras e crise entre poderes Executivo e Legislativo. \u201cTudo isso ajudou a formar um cen\u00e1rio muito mais turbulento, que gera a avers\u00e3o ao risco. Depende muito de como os fatos v\u00e3o se desenrolar em termos pol\u00edticos para saber que impacto isso pode ter sob o c\u00e2mbio. A quest\u00e3o pol\u00edtica est\u00e1 em aberto\u201d.<\/p>\n<p>O economista Carlos Eduardo de Freitas, conselheiro presidente do Conselho Regional de Economia (Corecon-DF) e ex-diretor do Banco Central, explica que a alta do d\u00f3lar tem uma vertente estrutural de realinhamento dos pre\u00e7os, reduzindo os custos de produ\u00e7\u00e3o e aumentando a competitividade das empresas brasileiras no mercado internacional. Mas ele tamb\u00e9m acredita que a desconfian\u00e7a sobre a implementa\u00e7\u00e3o do ajuste fiscal anunciado, depois do Congresso devolver a medida provis\u00f3ria que tratava do assunto, gerou uma press\u00e3o maior nos \u00faltimos dias.<\/p>\n<p>\u201cFaltam um discurso e um comportamento do governo que tragam de volta essa credibilidade que foi arranhada. Essa desconfian\u00e7a est\u00e1 evoluindo para uma incerteza, que \u00e9 quando n\u00e3o se consegue medir os riscos, e a\u00ed h\u00e1 uma sa\u00edda de capital\u201d, disse Freitas.<\/p>\n<p>Segundo ele, \u00e9 natural que, num primeiro momento, o mercado exagere na especula\u00e7\u00e3o, retornando em seguida, mas o componente conjuntural de preocupa\u00e7\u00e3o dificulta previs\u00f5es sobre a trajet\u00f3ria da moeda. \u201cN\u00e3o d\u00e1 para saber at\u00e9 que ponto subir\u00e1 o d\u00f3lar e onde ele encontraria o equil\u00edbrio econ\u00f4mico. Acho que a alta est\u00e1 um pouco acentuada nos \u00faltimos dias, muito por for\u00e7a da inseguran\u00e7a com a posi\u00e7\u00e3o do governo. Em economia, e na vida, a expectativa, \u00e0s vezes, \u00e9 mais importante at\u00e9 do que a ocorr\u00eancia das coisas\u201d.<\/p>\n<p>Apesar de considerar a cota\u00e7\u00e3o atual, de R$ 3,24, \u201cbastante elevada\u201d, Rochlin, da FGV, tamb\u00e9m afirma que \u00e9 dif\u00edcil dizer qual \u00e9 o novo patamar da moeda norte-americana. \u201cN\u00e3o estou dizendo que hoje a gente viva um momento exatamente como esse, mas em um momento de extrema incerteza a alta acaba estimulando novas altas e pode gerar mais procura. A pessoa fica vendo que o d\u00f3lar s\u00f3 sobe e pode, daqui a pouco, achar que o d\u00f3lar a R$ 3,28 est\u00e1 barato\u201d.<\/p>\n<p>Para Rochlin, \u00e0 medida que o ambiente pol\u00edtico melhorar, o governo conseguir provar coes\u00e3o com a base aliada no Congresso, aprovar medidas de ajuste fiscal, se os n\u00fameros de infla\u00e7\u00e3o n\u00e3o forem t\u00e3o ruins e o cen\u00e1rio se mostrar menos turbulento, a alta do d\u00f3lar pode ser revertida.<\/p>\n<p>\u201cEu n\u00e3o digo revers\u00e3o para R$ 2,80, mas talvez se estabilizando em um patamar um pouco mais baixo, ao redor de R$ 3 ou R$ 3,10, que seja. Eu acho que isso \u00e9 poss\u00edvel. Depende do desenrolar dos fatos\u201d, disse Rochlin. Para quem ter\u00e1 compromissos em d\u00f3lar em breve, ent\u00e3o, o economista da FGV ressalta que o recomend\u00e1vel sempre \u00e9 comprar aos poucos, ao longo de semanas e meses: \u201cAssim, por mais que aumente o d\u00f3lar, voc\u00ea ter\u00e1 comprado o d\u00f3lar a um pre\u00e7o m\u00e9dio, diluindo os riscos\u201d.<\/p>\n<p>Danilo Macedo &#8211; Rep\u00f3rter da Ag\u00eancia Brasil<br \/>\nEdi\u00e7\u00e3o: Jorge Wamburg<\/p>\n","protected":false},"excerpt":{"rendered":"<p>Os brasileiros que precisam comprar d\u00f3lar para viajar ou para outros compromissos t\u00eam acompanhado com apreens\u00e3o a valoriza\u00e7\u00e3o da moeda norte-americana, principalmente nas \u00faltimas semanas. Apesar de o d\u00f3lar ter subido tamb\u00e9m em rela\u00e7\u00e3o a outras moedas, por conta de uma expectativa de aumento dos juros da economia americana, o que pode levar \u00e0 redu\u00e7\u00e3o [&hellip;]<\/p>\n","protected":false},"author":2,"featured_media":57583,"comment_status":"open","ping_status":"closed","sticky":false,"template":"","format":"standard","meta":{"_genesis_hide_title":false,"_genesis_hide_breadcrumbs":false,"_genesis_hide_singular_image":false,"_genesis_hide_footer_widgets":false,"_genesis_custom_body_class":"","_genesis_custom_post_class":"","_genesis_layout":"","_jetpack_memberships_contains_paid_content":false,"footnotes":""},"categories":[22,7],"tags":[],"class_list":{"0":"post-67897","1":"post","2":"type-post","3":"status-publish","4":"format-standard","5":"has-post-thumbnail","7":"category-brasil","8":"category-economia","9":"entry","10":"gs-1","11":"gs-odd","12":"gs-even","13":"gs-featured-content-entry"},"jetpack_featured_media_url":"https:\/\/www.redenoticia.com.br\/noticia\/imagens\/economia-grafico.jpg","jetpack_sharing_enabled":true,"jetpack_likes_enabled":true,"_links":{"self":[{"href":"https:\/\/www.redenoticia.com.br\/noticia\/wp-json\/wp\/v2\/posts\/67897","targetHints":{"allow":["GET"]}}],"collection":[{"href":"https:\/\/www.redenoticia.com.br\/noticia\/wp-json\/wp\/v2\/posts"}],"about":[{"href":"https:\/\/www.redenoticia.com.br\/noticia\/wp-json\/wp\/v2\/types\/post"}],"author":[{"embeddable":true,"href":"https:\/\/www.redenoticia.com.br\/noticia\/wp-json\/wp\/v2\/users\/2"}],"replies":[{"embeddable":true,"href":"https:\/\/www.redenoticia.com.br\/noticia\/wp-json\/wp\/v2\/comments?post=67897"}],"version-history":[{"count":0,"href":"https:\/\/www.redenoticia.com.br\/noticia\/wp-json\/wp\/v2\/posts\/67897\/revisions"}],"wp:featuredmedia":[{"embeddable":true,"href":"https:\/\/www.redenoticia.com.br\/noticia\/wp-json\/wp\/v2\/media\/57583"}],"wp:attachment":[{"href":"https:\/\/www.redenoticia.com.br\/noticia\/wp-json\/wp\/v2\/media?parent=67897"}],"wp:term":[{"taxonomy":"category","embeddable":true,"href":"https:\/\/www.redenoticia.com.br\/noticia\/wp-json\/wp\/v2\/categories?post=67897"},{"taxonomy":"post_tag","embeddable":true,"href":"https:\/\/www.redenoticia.com.br\/noticia\/wp-json\/wp\/v2\/tags?post=67897"}],"curies":[{"name":"wp","href":"https:\/\/api.w.org\/{rel}","templated":true}]}}