{"id":67895,"date":"2015-03-16T14:33:36","date_gmt":"2015-03-16T17:33:36","guid":{"rendered":"http:\/\/www.redenoticia.com.br\/noticia\/?p=67895"},"modified":"2015-03-16T14:33:37","modified_gmt":"2015-03-16T17:33:37","slug":"atividade-economica-no-pais-cai-011-em-janeiro","status":"publish","type":"post","link":"https:\/\/www.redenoticia.com.br\/noticia\/2015\/atividade-economica-no-pais-cai-011-em-janeiro\/67895","title":{"rendered":"Atividade econ\u00f4mica no pa\u00eds cai 0,11% em janeiro"},"content":{"rendered":"<p> A <strong><em>atividade econ\u00f4mica<\/em><\/strong> apresentou queda de 0,11% em janeiro na compara\u00e7\u00e3o com dezembro. Em compara\u00e7\u00e3o com o mesmo m\u00eas do ano passado, a queda foi maior: 1,34%. Os percentuais, divulgados pelo Banco Central (BC), t\u00eam ajuste sazonal. Isso significa que j\u00e1 est\u00e3o descontados os efeitos que as diferentes \u00e9pocas do ano t\u00eam sobre a economia.<\/p>\n<p>Levando em conta o per\u00edodo acumulado de 12 meses, houve recuo de 0,39%. Em fevereiro, o BC havia divulgado que o indicador encerrou 2014 com queda de 0,12%. O IBC-Br \u00e9 uma forma de avaliar a evolu\u00e7\u00e3o da atividade econ\u00f4mica brasileira. O \u00edndice incorpora informa\u00e7\u00f5es sobre o n\u00edvel de atividade dos tr\u00eas setores da economia: ind\u00fastria, com\u00e9rcio e servi\u00e7os e agropecu\u00e1ria.<\/p>\n<p>Os n\u00fameros do \u00edndice s\u00e3o uma an\u00e1lise do BC sobre o crescimento, mas no Brasil quem divulga o PIB (a soma de todos os bens e riquezas de um pa\u00eds) \u00e9 o Instituto Brasileiro de Geografia e Estat\u00edstica (IBGE).<\/p>\n<p>Mariana Branco &#8211; Rep\u00f3rter da Ag\u00eancia Brasil<br \/>\nEdi\u00e7\u00e3o: Jos\u00e9 Romildo<\/p>\n","protected":false},"excerpt":{"rendered":"<p>A atividade econ\u00f4mica apresentou queda de 0,11% em janeiro na compara\u00e7\u00e3o com dezembro. Em compara\u00e7\u00e3o com o mesmo m\u00eas do ano passado, a queda foi maior: 1,34%. Os percentuais, divulgados pelo Banco Central (BC), t\u00eam ajuste sazonal. Isso significa que j\u00e1 est\u00e3o descontados os efeitos que as diferentes \u00e9pocas do ano t\u00eam sobre a economia. [&hellip;]<\/p>\n","protected":false},"author":2,"featured_media":38938,"comment_status":"open","ping_status":"closed","sticky":false,"template":"","format":"standard","meta":{"_genesis_hide_title":false,"_genesis_hide_breadcrumbs":false,"_genesis_hide_singular_image":false,"_genesis_hide_footer_widgets":false,"_genesis_custom_body_class":"","_genesis_custom_post_class":"","_genesis_layout":"","_jetpack_memberships_contains_paid_content":false,"footnotes":""},"categories":[22,7],"tags":[],"class_list":{"0":"post-67895","1":"post","2":"type-post","3":"status-publish","4":"format-standard","5":"has-post-thumbnail","7":"category-brasil","8":"category-economia","9":"entry","10":"gs-1","11":"gs-odd","12":"gs-even","13":"gs-featured-content-entry"},"jetpack_featured_media_url":"https:\/\/www.redenoticia.com.br\/noticia\/imagens\/economia1.jpg","jetpack_sharing_enabled":true,"jetpack_likes_enabled":true,"_links":{"self":[{"href":"https:\/\/www.redenoticia.com.br\/noticia\/wp-json\/wp\/v2\/posts\/67895","targetHints":{"allow":["GET"]}}],"collection":[{"href":"https:\/\/www.redenoticia.com.br\/noticia\/wp-json\/wp\/v2\/posts"}],"about":[{"href":"https:\/\/www.redenoticia.com.br\/noticia\/wp-json\/wp\/v2\/types\/post"}],"author":[{"embeddable":true,"href":"https:\/\/www.redenoticia.com.br\/noticia\/wp-json\/wp\/v2\/users\/2"}],"replies":[{"embeddable":true,"href":"https:\/\/www.redenoticia.com.br\/noticia\/wp-json\/wp\/v2\/comments?post=67895"}],"version-history":[{"count":0,"href":"https:\/\/www.redenoticia.com.br\/noticia\/wp-json\/wp\/v2\/posts\/67895\/revisions"}],"wp:featuredmedia":[{"embeddable":true,"href":"https:\/\/www.redenoticia.com.br\/noticia\/wp-json\/wp\/v2\/media\/38938"}],"wp:attachment":[{"href":"https:\/\/www.redenoticia.com.br\/noticia\/wp-json\/wp\/v2\/media?parent=67895"}],"wp:term":[{"taxonomy":"category","embeddable":true,"href":"https:\/\/www.redenoticia.com.br\/noticia\/wp-json\/wp\/v2\/categories?post=67895"},{"taxonomy":"post_tag","embeddable":true,"href":"https:\/\/www.redenoticia.com.br\/noticia\/wp-json\/wp\/v2\/tags?post=67895"}],"curies":[{"name":"wp","href":"https:\/\/api.w.org\/{rel}","templated":true}]}}