{"id":67891,"date":"2015-03-16T14:27:50","date_gmt":"2015-03-16T17:27:50","guid":{"rendered":"http:\/\/www.redenoticia.com.br\/noticia\/?p=67891"},"modified":"2015-03-16T14:27:50","modified_gmt":"2015-03-16T17:27:50","slug":"mercado-eleva-para-793-previsao-de-inflacao","status":"publish","type":"post","link":"https:\/\/www.redenoticia.com.br\/noticia\/2015\/mercado-eleva-para-793-previsao-de-inflacao\/67891","title":{"rendered":"Mercado eleva para 7,93% previs\u00e3o de infla\u00e7\u00e3o"},"content":{"rendered":"<p> Os investidores e analistas do mercado financeiro voltaram a elevar a expectativa de fechamento da <strong><em>infla\u00e7\u00e3o<\/em><\/strong> para 2015. Segundo o boletim Focus, pesquisa feita com institui\u00e7\u00f5es financeiras divulgada semanalmente pelo Banco Central (BC), a infla\u00e7\u00e3o medida pelo \u00cdndice de Pre\u00e7os ao Consumidor Amplo (IPCA) encerrar\u00e1 o ano em 7,93%, e n\u00e3o mais em 7,77% como na previs\u00e3o da semana anterior. Os pre\u00e7os administrados, que s\u00e3o aqueles regulados pelo governo &#8211; como os da gasolina e da energia &#8211; subir\u00e3o 12%. Antes, a estimativa era 11,18%.<\/p>\n<p> Com rela\u00e7\u00e3o ao Produto Interno Bruto (PIB), a soma dos bens e servi\u00e7os produzidos por um pa\u00eds, a proje\u00e7\u00e3o \u00e9 que a economia ter\u00e1 retra\u00e7\u00e3o de 0,78% contra 0,66% previsto anteriormente. Para a produ\u00e7\u00e3o industrial, \u00e9 esperada queda de 2,19%, e n\u00e3o mais o recuo de 1,38% estimado antes. No caso do c\u00e2mbio, a proje\u00e7\u00e3o \u00e9 que o d\u00f3lar encerre o ano em R$ 3,06, n\u00edvel superior \u00e0 previs\u00e3o anterior de R$ 2,95. Na sexta-feira (13), a moeda norte-americana terminou o dia cotada a R$ 3,24, o maior valor desde 2 de abril de 2003.<\/p>\n<p>A expectativa para o fechamento da Selic, taxa b\u00e1sica de juros da economia e principal instrumento do BC para controle da infla\u00e7\u00e3o, permaneceu em 13% ao ano para 2015. Isso significa que o mercado espera que o Comit\u00ea de Pol\u00edtica Monet\u00e1ria da institui\u00e7\u00e3o eleve a taxa mais uma vez este ano em 0,25 ponto percentual. Em sua \u00faltima reuni\u00e3o, nos dias 3 e 4 de mar\u00e7o, o Copom subiu a Selic em 0,5 ponto percentual, chegando a 12,75% ao ano. O patamar de eleva\u00e7\u00e3o confirmou as previs\u00f5es de analistas.<\/p>\n<p>A estimativa da d\u00edvida l\u00edquida do setor p\u00fablico permaneceu em 38% do PIB. A estimativa do d\u00e9ficit em conta-corrente, que mede a qualidade das contas externas, ficou em US$ 79,5 bilh\u00f5es,. A proje\u00e7\u00e3o anterior era US$ 79,1 bilh\u00f5es. O saldo previsto para a balan\u00e7a comercial recuou de US$ 4 bilh\u00f5es para US$ 3 bilh\u00f5es. Os investimentos estrangeiros estimados ca\u00edram de US$ 60 bilh\u00f5es para US$ 57,5 bilh\u00f5es.<\/p>\n<p>Mariana Branco &#8211; Rep\u00f3rter da Ag\u00eancia Brasil<br \/>\nEdi\u00e7\u00e3o: Jos\u00e9 Romildo de Oliveira Lima<\/p>\n","protected":false},"excerpt":{"rendered":"<p>Os investidores e analistas do mercado financeiro voltaram a elevar a expectativa de fechamento da infla\u00e7\u00e3o para 2015. Segundo o boletim Focus, pesquisa feita com institui\u00e7\u00f5es financeiras divulgada semanalmente pelo Banco Central (BC), a infla\u00e7\u00e3o medida pelo \u00cdndice de Pre\u00e7os ao Consumidor Amplo (IPCA) encerrar\u00e1 o ano em 7,93%, e n\u00e3o mais em 7,77% como [&hellip;]<\/p>\n","protected":false},"author":2,"featured_media":34916,"comment_status":"open","ping_status":"closed","sticky":false,"template":"","format":"standard","meta":{"_genesis_hide_title":false,"_genesis_hide_breadcrumbs":false,"_genesis_hide_singular_image":false,"_genesis_hide_footer_widgets":false,"_genesis_custom_body_class":"","_genesis_custom_post_class":"","_genesis_layout":"","_jetpack_memberships_contains_paid_content":false,"footnotes":""},"categories":[22,7],"tags":[],"class_list":{"0":"post-67891","1":"post","2":"type-post","3":"status-publish","4":"format-standard","5":"has-post-thumbnail","7":"category-brasil","8":"category-economia","9":"entry","10":"gs-1","11":"gs-odd","12":"gs-even","13":"gs-featured-content-entry"},"jetpack_featured_media_url":"https:\/\/www.redenoticia.com.br\/noticia\/imagens\/inflacao.jpg","jetpack_sharing_enabled":true,"jetpack_likes_enabled":true,"_links":{"self":[{"href":"https:\/\/www.redenoticia.com.br\/noticia\/wp-json\/wp\/v2\/posts\/67891","targetHints":{"allow":["GET"]}}],"collection":[{"href":"https:\/\/www.redenoticia.com.br\/noticia\/wp-json\/wp\/v2\/posts"}],"about":[{"href":"https:\/\/www.redenoticia.com.br\/noticia\/wp-json\/wp\/v2\/types\/post"}],"author":[{"embeddable":true,"href":"https:\/\/www.redenoticia.com.br\/noticia\/wp-json\/wp\/v2\/users\/2"}],"replies":[{"embeddable":true,"href":"https:\/\/www.redenoticia.com.br\/noticia\/wp-json\/wp\/v2\/comments?post=67891"}],"version-history":[{"count":0,"href":"https:\/\/www.redenoticia.com.br\/noticia\/wp-json\/wp\/v2\/posts\/67891\/revisions"}],"wp:featuredmedia":[{"embeddable":true,"href":"https:\/\/www.redenoticia.com.br\/noticia\/wp-json\/wp\/v2\/media\/34916"}],"wp:attachment":[{"href":"https:\/\/www.redenoticia.com.br\/noticia\/wp-json\/wp\/v2\/media?parent=67891"}],"wp:term":[{"taxonomy":"category","embeddable":true,"href":"https:\/\/www.redenoticia.com.br\/noticia\/wp-json\/wp\/v2\/categories?post=67891"},{"taxonomy":"post_tag","embeddable":true,"href":"https:\/\/www.redenoticia.com.br\/noticia\/wp-json\/wp\/v2\/tags?post=67891"}],"curies":[{"name":"wp","href":"https:\/\/api.w.org\/{rel}","templated":true}]}}