{"id":67865,"date":"2015-03-15T20:04:35","date_gmt":"2015-03-15T23:04:35","guid":{"rendered":"http:\/\/www.redenoticia.com.br\/noticia\/?p=67865"},"modified":"2015-03-15T20:04:35","modified_gmt":"2015-03-15T23:04:35","slug":"governo-escala-ministros-para-falarem-sobre-as-manifestacoes","status":"publish","type":"post","link":"https:\/\/www.redenoticia.com.br\/noticia\/2015\/governo-escala-ministros-para-falarem-sobre-as-manifestacoes\/67865","title":{"rendered":"Governo escala ministros para falarem sobre as manifesta\u00e7\u00f5es"},"content":{"rendered":"<p>Os ministros da Justi\u00e7a, Jos\u00e9 Eduardo Cardozo, e da Secretaria-Geral da Presid\u00eancia da Rep\u00fablica, Miguel Rossetto, foram escalados pelo governo para falar ap\u00f3s as manifesta\u00e7\u00f5es que ocorreram em todo o pa\u00eds. Ambos ressaltaram que os manifestantes t\u00eam em comum o desejo de combater a corrup\u00e7\u00e3o e anunciaram que o governo enviar\u00e1 ao Congresso, nos pr\u00f3ximos dias, um conjunto de medidas nesse sentido.<\/p>\n<p>\u201c\u00c9 por isso que o governo, que tem uma clara postura de combate \u00e0 corrup\u00e7\u00e3o, ir\u00e1 anunciar algo que j\u00e1 era uma promessa eleitoral da presidente Dilma Rousseff, que \u00e9 um conjunto de medidas de combate \u00e0 corrup\u00e7\u00e3o e \u00e0 impunidade\u201d, anunciou Cardozo.<\/p>\n<p>Segundo ele, essas medidas ainda n\u00e3o tinham sido enviadas ao Congresso porque necessitavam de ampla an\u00e1lise t\u00e9cnica e jur\u00eddica, inclusive porque algumas delas n\u00e3o podem ser de iniciativa do Poder Executivo. No entanto, Cardozo disse que a formula\u00e7\u00e3o delas j\u00e1 est\u00e1 em ponto avan\u00e7ado e, por isso, ser\u00e1 poss\u00edvel divulg\u00e1-las em breve.<\/p>\n<p>Mariana Jungmann &#8211; Rep\u00f3rter da Ag\u00eancia Brasil Edi\u00e7\u00e3o: Fernando Fraga<\/p>\n","protected":false},"excerpt":{"rendered":"<p>Os ministros da Justi\u00e7a, Jos\u00e9 Eduardo Cardozo, e da Secretaria-Geral da Presid\u00eancia da Rep\u00fablica, Miguel Rossetto, foram escalados pelo governo para falar ap\u00f3s as manifesta\u00e7\u00f5es que ocorreram em todo o pa\u00eds. Ambos ressaltaram que os manifestantes t\u00eam em comum o desejo de combater a corrup\u00e7\u00e3o e anunciaram que o governo enviar\u00e1 ao Congresso, nos pr\u00f3ximos [&hellip;]<\/p>\n","protected":false},"author":2,"featured_media":10771,"comment_status":"open","ping_status":"closed","sticky":false,"template":"","format":"standard","meta":{"_genesis_hide_title":false,"_genesis_hide_breadcrumbs":false,"_genesis_hide_singular_image":false,"_genesis_hide_footer_widgets":false,"_genesis_custom_body_class":"","_genesis_custom_post_class":"","_genesis_layout":"","_jetpack_memberships_contains_paid_content":false,"footnotes":""},"categories":[22],"tags":[],"class_list":{"0":"post-67865","1":"post","2":"type-post","3":"status-publish","4":"format-standard","5":"has-post-thumbnail","7":"category-brasil","8":"entry","9":"gs-1","10":"gs-odd","11":"gs-even","12":"gs-featured-content-entry"},"jetpack_featured_media_url":"https:\/\/www.redenoticia.com.br\/noticia\/imagens\/Brasil.jpg","jetpack_sharing_enabled":true,"jetpack_likes_enabled":true,"_links":{"self":[{"href":"https:\/\/www.redenoticia.com.br\/noticia\/wp-json\/wp\/v2\/posts\/67865","targetHints":{"allow":["GET"]}}],"collection":[{"href":"https:\/\/www.redenoticia.com.br\/noticia\/wp-json\/wp\/v2\/posts"}],"about":[{"href":"https:\/\/www.redenoticia.com.br\/noticia\/wp-json\/wp\/v2\/types\/post"}],"author":[{"embeddable":true,"href":"https:\/\/www.redenoticia.com.br\/noticia\/wp-json\/wp\/v2\/users\/2"}],"replies":[{"embeddable":true,"href":"https:\/\/www.redenoticia.com.br\/noticia\/wp-json\/wp\/v2\/comments?post=67865"}],"version-history":[{"count":0,"href":"https:\/\/www.redenoticia.com.br\/noticia\/wp-json\/wp\/v2\/posts\/67865\/revisions"}],"wp:featuredmedia":[{"embeddable":true,"href":"https:\/\/www.redenoticia.com.br\/noticia\/wp-json\/wp\/v2\/media\/10771"}],"wp:attachment":[{"href":"https:\/\/www.redenoticia.com.br\/noticia\/wp-json\/wp\/v2\/media?parent=67865"}],"wp:term":[{"taxonomy":"category","embeddable":true,"href":"https:\/\/www.redenoticia.com.br\/noticia\/wp-json\/wp\/v2\/categories?post=67865"},{"taxonomy":"post_tag","embeddable":true,"href":"https:\/\/www.redenoticia.com.br\/noticia\/wp-json\/wp\/v2\/tags?post=67865"}],"curies":[{"name":"wp","href":"https:\/\/api.w.org\/{rel}","templated":true}]}}