{"id":67859,"date":"2015-03-15T17:36:17","date_gmt":"2015-03-15T20:36:17","guid":{"rendered":"http:\/\/www.redenoticia.com.br\/noticia\/?p=67859"},"modified":"2015-03-15T18:45:07","modified_gmt":"2015-03-15T21:45:07","slug":"grupo-de-caminhoneiros-aderiram-ao-protesto-em-sao-paulo","status":"publish","type":"post","link":"https:\/\/www.redenoticia.com.br\/noticia\/2015\/grupo-de-caminhoneiros-aderiram-ao-protesto-em-sao-paulo\/67859","title":{"rendered":"Grupo de caminhoneiros aderiram ao protesto em S\u00e3o Paulo"},"content":{"rendered":"<p>Manifestantes protestaram contra o governo federal, na Avenida Paulista, regi\u00e3o central de S\u00e3o Paulo. O ato chegou a reunir mais de 1 milh\u00e3o de pessoas, segundo a Pol\u00edcia Militar (PM). As pessoas protestaram contra a corrup\u00e7\u00e3o e pela sa\u00edda da presidenta da Rep\u00fablica, Dilma Rousseff. A Rua da Consola\u00e7\u00e3o, que fica no final da Avenida Paulista, foi fechada por um grupo de caminhoneiros que aderiram ao protesto. Segundo o l\u00edder dos motoristas, Claudinei Habacuque, eles reivindicam melhores condi\u00e7\u00f5es de trabalho e a sa\u00edda da presidenta. \u201cO ped\u00e1gio est\u00e1 muito caro, o \u00f3leo diesel nem se fala e a falta de seguran\u00e7a nas estradas \u00e9 total\u201d, declarou. Ele lembrou, no entanto, que a quest\u00e3o dos ped\u00e1gios compete ao governo estadual.<\/p>\n<p>Durante o momento de maior concentra\u00e7\u00e3o, as catracas das esta\u00e7\u00f5es do metr\u00f4 Trianon-Masp e Consola\u00e7\u00e3o foram fechadas, segundo a empresa, por medida de seguran\u00e7a. Por volta das 17h30, as esta\u00e7\u00f5es voltaram a funcionar normalmente. No final da tarde, os manifestantes formaram longas filas para embarcar nos vag\u00f5es do metr\u00f4.<\/p>\n<p>Houve apenas o registro de uma ocorr\u00eancia policial. De acordo com a PM, 20 skinheads foram detidos por porte de explosivos. A corpora\u00e7\u00e3o informou que o grupo tentou jogar roj\u00f5es conta os manifestantes na Avenida Paulista.<\/p>\n<p>Daniel Mello &#8211; Rep\u00f3rter da Ag\u00eancia Brasil<br \/>\nEdi\u00e7\u00e3o: Fernando Fraga<\/p>\n","protected":false},"excerpt":{"rendered":"<p>Manifestantes protestaram contra o governo federal, na Avenida Paulista, regi\u00e3o central de S\u00e3o Paulo. O ato chegou a reunir mais de 1 milh\u00e3o de pessoas, segundo a Pol\u00edcia Militar (PM). As pessoas protestaram contra a corrup\u00e7\u00e3o e pela sa\u00edda da presidenta da Rep\u00fablica, Dilma Rousseff. A Rua da Consola\u00e7\u00e3o, que fica no final da Avenida [&hellip;]<\/p>\n","protected":false},"author":2,"featured_media":10771,"comment_status":"open","ping_status":"closed","sticky":false,"template":"","format":"standard","meta":{"_genesis_hide_title":false,"_genesis_hide_breadcrumbs":false,"_genesis_hide_singular_image":false,"_genesis_hide_footer_widgets":false,"_genesis_custom_body_class":"","_genesis_custom_post_class":"","_genesis_layout":"","_jetpack_memberships_contains_paid_content":false,"footnotes":""},"categories":[22],"tags":[],"class_list":{"0":"post-67859","1":"post","2":"type-post","3":"status-publish","4":"format-standard","5":"has-post-thumbnail","7":"category-brasil","8":"entry","9":"gs-1","10":"gs-odd","11":"gs-even","12":"gs-featured-content-entry"},"jetpack_featured_media_url":"https:\/\/www.redenoticia.com.br\/noticia\/imagens\/Brasil.jpg","jetpack_sharing_enabled":true,"jetpack_likes_enabled":true,"_links":{"self":[{"href":"https:\/\/www.redenoticia.com.br\/noticia\/wp-json\/wp\/v2\/posts\/67859","targetHints":{"allow":["GET"]}}],"collection":[{"href":"https:\/\/www.redenoticia.com.br\/noticia\/wp-json\/wp\/v2\/posts"}],"about":[{"href":"https:\/\/www.redenoticia.com.br\/noticia\/wp-json\/wp\/v2\/types\/post"}],"author":[{"embeddable":true,"href":"https:\/\/www.redenoticia.com.br\/noticia\/wp-json\/wp\/v2\/users\/2"}],"replies":[{"embeddable":true,"href":"https:\/\/www.redenoticia.com.br\/noticia\/wp-json\/wp\/v2\/comments?post=67859"}],"version-history":[{"count":0,"href":"https:\/\/www.redenoticia.com.br\/noticia\/wp-json\/wp\/v2\/posts\/67859\/revisions"}],"wp:featuredmedia":[{"embeddable":true,"href":"https:\/\/www.redenoticia.com.br\/noticia\/wp-json\/wp\/v2\/media\/10771"}],"wp:attachment":[{"href":"https:\/\/www.redenoticia.com.br\/noticia\/wp-json\/wp\/v2\/media?parent=67859"}],"wp:term":[{"taxonomy":"category","embeddable":true,"href":"https:\/\/www.redenoticia.com.br\/noticia\/wp-json\/wp\/v2\/categories?post=67859"},{"taxonomy":"post_tag","embeddable":true,"href":"https:\/\/www.redenoticia.com.br\/noticia\/wp-json\/wp\/v2\/tags?post=67859"}],"curies":[{"name":"wp","href":"https:\/\/api.w.org\/{rel}","templated":true}]}}