{"id":67846,"date":"2015-03-15T18:12:10","date_gmt":"2015-03-15T21:12:10","guid":{"rendered":"http:\/\/www.redenoticia.com.br\/noticia\/?p=67846"},"modified":"2015-03-15T18:12:59","modified_gmt":"2015-03-15T21:12:59","slug":"protestos-ocorrem-em-todas-as-regioes-do-pais","status":"publish","type":"post","link":"https:\/\/www.redenoticia.com.br\/noticia\/2015\/protestos-ocorrem-em-todas-as-regioes-do-pais\/67846","title":{"rendered":"Protestos ocorreram em todas as regi\u00f5es do pa\u00eds"},"content":{"rendered":"<p> As manifesta\u00e7\u00f5es contra a corrup\u00e7\u00e3o e contra o governo da presidenta Dilma Rousseff ocorreram em todas as regi\u00f5es do pa\u00eds e reuniram milhares de pessoas. N\u00e3o houve registro de confrontos e os protestos foram pac\u00edficos.<\/p>\n<p>Em Goi\u00e2nia, 60 mil pessoas caminharam entre a Pra\u00e7a Tamandar\u00e9 e o Parque do Arei\u00e3o, num percurso de cerca de 4 quil\u00f4metros. Segundo a Pol\u00edcia Militar de Goi\u00e1s, n\u00e3o foram registradas ocorr\u00eancias de viol\u00eancia e os manifestantes se dispersaram por volta das 16h.<\/p>\n<p>Em Campinas (SP), 5 mil pessoas se reuniram pela manh\u00e3 e mais de 10 mil na parte da tarde para os protestos. Os manifestantes tamb\u00e9m j\u00e1 se dispersaram sem que epis\u00f3dios de viol\u00eancia ou enfrentamento fossem registrados pela pol\u00edcia. Na capital paulista, a Pol\u00edcia Militar informa que pelo menos 1 milh\u00e3o de pessoas se reuniram na Avenida Paulista.<\/p>\n<p>Na Regi\u00e3o Norte manifestantes tamb\u00e9m foram para as ruas. Em Manaus, 22 mil pessoas se juntaram aos protestos, de acordo com a PM estadual. A passeata come\u00e7ou na Pra\u00e7a do Congresso e seguiu pelas principais avenidas do centro da capital amazonense. Em Bel\u00e9m, os manifestantes caminharam pelo centro da cidade at\u00e9 o Theatro da Paz, um dos s\u00edmbolos da capital paraense, tamb\u00e9m vestidos de verde e amarelo e levando faixas com cr\u00edticas ao governo Dilma e pedidos de impeachment da presidenta.<\/p>\n<p>Em Porto Alegre, houve dois pontos principais de concentra\u00e7\u00e3o de manifestantes, o Parc\u00e3o, no bairro Moinhos de Vento, e o Parque da Reden\u00e7\u00e3o. De acordo com a Brigada Militar do Rio Grande do Sul, at\u00e9 as 17h, cerca de 100 mil pessoas haviam participado dos protestos na capital ga\u00facha. A pol\u00edcia n\u00e3o registrou incidentes. Ainda na Regi\u00e3o Sul, 80 mil pessoas se reuniram na Pra\u00e7a Santa Andrade, em Curitiba, e seguiram para o Centro C\u00edvico, onde o protesto deve se encerrar. Assim como nas outras cidades, a manifesta\u00e7\u00e3o n\u00e3o tem registro de viol\u00eancia.<\/p>\n<p>No Nordeste, foram registrados protestos no Recife, em Salvador, em Aracaju e em outras capitais.<\/p>\n<p>Em Fortaleza, a manifesta\u00e7\u00e3o se concentrou na Pra\u00e7a Portugal, na Aldeota, bairro nobre da capital. A PM contabilizou 15 mil pessoas no protesto. J\u00e1 a organiza\u00e7\u00e3o do ato estimou em 20 mil pessoas. Assim como em outros locais do pa\u00eds, a maioria dos participantes vestia roupas com as cores da bandeira brasileira e levantavam faixas com frases de rejei\u00e7\u00e3o ao PT e \u00e0 presidenta Dilma. O ato seguiu pela Avenida Beira Mar, na Praia de Iracema, e terminou no Jardim Japon\u00eas, na Avenida Beira-Mar, onde os participantes cantaram o Hino Nacional e trechos da m\u00fasica Pra dizer que n\u00e3o falei das flores, de Geraldo Vandr\u00e9, considerada s\u00edmbolo da resist\u00eancia contra a ditadura militar.<\/p>\n<p>No Rio de Janeiro, a primeira grande manifesta\u00e7\u00e3o do dia ocorreu na orla da Praia de Copacabana. A pol\u00edcia n\u00e3o informou os n\u00fameros oficiais, mas, segundo estimativa de organizadores, 15 mil pessoas participaram do ato. As duas pistas da Avenida Atl\u00e2ntica chegaram a ser fechadas no meio da manh\u00e3 e a passeata recebeu apoio de moradores dos pr\u00e9dios da orla.<\/p>\n<p>\u00c0 tarde, o local escolhido para a concentra\u00e7\u00e3o do protesto foi a Igreja da Candel\u00e1ria, no centro do Rio. Duas pistas centrais da Avenida Presidente Vargas e a conflu\u00eancia com a Avenida Rio Branco foram fechadas. Acompanhados por carros de som, os manifestantes criticavam o governo e a corrup\u00e7\u00e3o. Tamb\u00e9m havia grupos que defendem a volta dos militares ao poder e marchavam cantando hinos do Ex\u00e9rcito Brasileiro.<\/p>\n<p>Em parte do pa\u00eds, as manifesta\u00e7\u00f5es ocorreram pela manh\u00e3, como em Bras\u00edlia, onde o protesto juntou 45 mil pessoas na Esplanada dos Minist\u00e9rios, segundo estimativa oficial. Com faixas pedindo desde o fim da corrup\u00e7\u00e3o ao impeachment da presidenta Dilma Rousseff, os manifestantes caminharam pela avenida e se posicionaram em frente ao Congresso Nacional. Uma enorme bandeira do Brasil foi estendida e os manifestantes cantaram o Hino Nacional. Algumas pessoas chegaram a entrar no espelho d&#8217;\u00e1gua do pr\u00e9dio.<\/p>\n<p>Em Belo Horizonte cerca de 24 mil pessoas se reuniram na Pra\u00e7a da Liberdade. A manifesta\u00e7\u00e3o seguiu at\u00e9 por volta das 13h, quando os manifestantes se dispersaram sem ocorr\u00eancias que merecessem registro da Pol\u00edcia Militar.<\/p>\n<p>Da Ag\u00eancia Brasil* Edi\u00e7\u00e3o: L\u00edlian Beraldo<br \/>\n*Colaboraram Mariana Jungmann e Luana Louren\u00e7o<\/p>\n","protected":false},"excerpt":{"rendered":"<p>As manifesta\u00e7\u00f5es contra a corrup\u00e7\u00e3o e contra o governo da presidenta Dilma Rousseff ocorreram em todas as regi\u00f5es do pa\u00eds e reuniram milhares de pessoas. N\u00e3o houve registro de confrontos e os protestos foram pac\u00edficos. Em Goi\u00e2nia, 60 mil pessoas caminharam entre a Pra\u00e7a Tamandar\u00e9 e o Parque do Arei\u00e3o, num percurso de cerca de [&hellip;]<\/p>\n","protected":false},"author":2,"featured_media":10771,"comment_status":"open","ping_status":"closed","sticky":false,"template":"","format":"standard","meta":{"_genesis_hide_title":false,"_genesis_hide_breadcrumbs":false,"_genesis_hide_singular_image":false,"_genesis_hide_footer_widgets":false,"_genesis_custom_body_class":"","_genesis_custom_post_class":"","_genesis_layout":"","_jetpack_memberships_contains_paid_content":false,"footnotes":""},"categories":[22],"tags":[],"class_list":{"0":"post-67846","1":"post","2":"type-post","3":"status-publish","4":"format-standard","5":"has-post-thumbnail","7":"category-brasil","8":"entry","9":"gs-1","10":"gs-odd","11":"gs-even","12":"gs-featured-content-entry"},"jetpack_featured_media_url":"https:\/\/www.redenoticia.com.br\/noticia\/imagens\/Brasil.jpg","jetpack_sharing_enabled":true,"jetpack_likes_enabled":true,"_links":{"self":[{"href":"https:\/\/www.redenoticia.com.br\/noticia\/wp-json\/wp\/v2\/posts\/67846","targetHints":{"allow":["GET"]}}],"collection":[{"href":"https:\/\/www.redenoticia.com.br\/noticia\/wp-json\/wp\/v2\/posts"}],"about":[{"href":"https:\/\/www.redenoticia.com.br\/noticia\/wp-json\/wp\/v2\/types\/post"}],"author":[{"embeddable":true,"href":"https:\/\/www.redenoticia.com.br\/noticia\/wp-json\/wp\/v2\/users\/2"}],"replies":[{"embeddable":true,"href":"https:\/\/www.redenoticia.com.br\/noticia\/wp-json\/wp\/v2\/comments?post=67846"}],"version-history":[{"count":0,"href":"https:\/\/www.redenoticia.com.br\/noticia\/wp-json\/wp\/v2\/posts\/67846\/revisions"}],"wp:featuredmedia":[{"embeddable":true,"href":"https:\/\/www.redenoticia.com.br\/noticia\/wp-json\/wp\/v2\/media\/10771"}],"wp:attachment":[{"href":"https:\/\/www.redenoticia.com.br\/noticia\/wp-json\/wp\/v2\/media?parent=67846"}],"wp:term":[{"taxonomy":"category","embeddable":true,"href":"https:\/\/www.redenoticia.com.br\/noticia\/wp-json\/wp\/v2\/categories?post=67846"},{"taxonomy":"post_tag","embeddable":true,"href":"https:\/\/www.redenoticia.com.br\/noticia\/wp-json\/wp\/v2\/tags?post=67846"}],"curies":[{"name":"wp","href":"https:\/\/api.w.org\/{rel}","templated":true}]}}