{"id":67844,"date":"2015-03-15T17:01:33","date_gmt":"2015-03-15T20:01:33","guid":{"rendered":"http:\/\/www.redenoticia.com.br\/noticia\/?p=67844"},"modified":"2015-03-15T18:06:40","modified_gmt":"2015-03-15T21:06:40","slug":"balanco-das-manifestacoes-em-brasilia-bh-rio-e-fortaleza","status":"publish","type":"post","link":"https:\/\/www.redenoticia.com.br\/noticia\/2015\/balanco-das-manifestacoes-em-brasilia-bh-rio-e-fortaleza\/67844","title":{"rendered":"Balan\u00e7o das manifesta\u00e7\u00f5es em Bras\u00edlia, BH, Rio e Fortaleza"},"content":{"rendered":"<p>Manifesta\u00e7\u00e3o organizada pelos movimentos Vem para Rua, Brasil Limpo e Cariocas Direitos re\u00fane, na manh\u00e3 deste domingo (15), milhares de manifestantes na orla da Praia de Copacabana, na altura do Posto 5. A maioria dos manifestantes vestiu camisetas verdes e amarelas e carregaram bandeiras do Brasil.<\/p>\n<p>&#8212;<br \/>\n Segundo informa\u00e7\u00f5es da Pol\u00edcia Militar do Distrito Federal, o n\u00famero de manifestantes na Esplanada dos Minist\u00e9rios passou de 45 mil.<\/p>\n<p>Em um dia nublado, eles ocuparam os gramados e o Eixo Monumental, via que corta a Esplanada.<\/p>\n<p>Em frente ao Congresso Nacional foi desenrolarada uma grande bandeira do Brasil. Vestidos de verde e amarelo, os manifestantes tamb\u00e9m empunharam faixas e cartazes com frases contra a corrup\u00e7\u00e3o e cr\u00edticas ao governo federal.<\/p>\n<p>&#8212;<br \/>\nA Pol\u00edcia Militar (PM) de Minas Gerais contabilizou 24 mil pessoas na Pra\u00e7a da Liberdade, em Belo Horizonte A manifesta\u00e7\u00e3o contra o governo e contra a corrup\u00e7\u00e3o come\u00e7ou por volta das 9h30. A pra\u00e7a, onde fica o Pal\u00e1cio da Liberdade, antiga sede do governo do estado, \u00e9 palco tradicional de manifesta\u00e7\u00f5es em Belo Horizonte.<\/p>\n<p>&#8212;<br \/>\nEm Fortaleza, a manifesta\u00e7\u00e3o contra a corrup\u00e7\u00e3o no Brasil e o governo da presidenta Dilma Rousseff aconteceu na manh\u00e3 de hoje (15) na Pra\u00e7a Portugal, na Aldeota, bairro nobre da capital. A Pol\u00edcia Militar contabilizou 15 mil pessoas no protesto. J\u00e1 a organiza\u00e7\u00e3o do ato estimou em 20 mil pessoas. A maioria dos participantes vestia roupas com as cores da bandeira brasileira e levantavam faixas com frases de rejei\u00e7\u00e3o ao PT e \u00e0 presidenta. \u201cToda essa pol\u00edtica suja que temos hoje se processou pela nossa omiss\u00e3o. Com esse ato, mostramos que o povo est\u00e1 vigilante, n\u00e3o est\u00e1 passivo. Esperamos que a press\u00e3o popular norteie as decis\u00f5es do Legislativo do pa\u00eds. Nosso objetivo \u00e9 fazer com que as pessoas ocupem os espa\u00e7os e encontrem formas de se engajar na pol\u00edtica, n\u00e3o necessariamente de forma partid\u00e1ria\u201d, disse o arquiteto Paulo Angelim, um dos organizadores do evento.<\/p>\n<p>Ag\u00eancia Brasil<\/p>\n","protected":false},"excerpt":{"rendered":"<p>Manifesta\u00e7\u00e3o organizada pelos movimentos Vem para Rua, Brasil Limpo e Cariocas Direitos re\u00fane, na manh\u00e3 deste domingo (15), milhares de manifestantes na orla da Praia de Copacabana, na altura do Posto 5. A maioria dos manifestantes vestiu camisetas verdes e amarelas e carregaram bandeiras do Brasil. &#8212; Segundo informa\u00e7\u00f5es da Pol\u00edcia Militar do Distrito Federal, [&hellip;]<\/p>\n","protected":false},"author":2,"featured_media":10771,"comment_status":"open","ping_status":"closed","sticky":false,"template":"","format":"standard","meta":{"_genesis_hide_title":false,"_genesis_hide_breadcrumbs":false,"_genesis_hide_singular_image":false,"_genesis_hide_footer_widgets":false,"_genesis_custom_body_class":"","_genesis_custom_post_class":"","_genesis_layout":"","_jetpack_memberships_contains_paid_content":false,"footnotes":""},"categories":[22],"tags":[],"class_list":{"0":"post-67844","1":"post","2":"type-post","3":"status-publish","4":"format-standard","5":"has-post-thumbnail","7":"category-brasil","8":"entry","9":"gs-1","10":"gs-odd","11":"gs-even","12":"gs-featured-content-entry"},"jetpack_featured_media_url":"https:\/\/www.redenoticia.com.br\/noticia\/imagens\/Brasil.jpg","jetpack_sharing_enabled":true,"jetpack_likes_enabled":true,"_links":{"self":[{"href":"https:\/\/www.redenoticia.com.br\/noticia\/wp-json\/wp\/v2\/posts\/67844","targetHints":{"allow":["GET"]}}],"collection":[{"href":"https:\/\/www.redenoticia.com.br\/noticia\/wp-json\/wp\/v2\/posts"}],"about":[{"href":"https:\/\/www.redenoticia.com.br\/noticia\/wp-json\/wp\/v2\/types\/post"}],"author":[{"embeddable":true,"href":"https:\/\/www.redenoticia.com.br\/noticia\/wp-json\/wp\/v2\/users\/2"}],"replies":[{"embeddable":true,"href":"https:\/\/www.redenoticia.com.br\/noticia\/wp-json\/wp\/v2\/comments?post=67844"}],"version-history":[{"count":0,"href":"https:\/\/www.redenoticia.com.br\/noticia\/wp-json\/wp\/v2\/posts\/67844\/revisions"}],"wp:featuredmedia":[{"embeddable":true,"href":"https:\/\/www.redenoticia.com.br\/noticia\/wp-json\/wp\/v2\/media\/10771"}],"wp:attachment":[{"href":"https:\/\/www.redenoticia.com.br\/noticia\/wp-json\/wp\/v2\/media?parent=67844"}],"wp:term":[{"taxonomy":"category","embeddable":true,"href":"https:\/\/www.redenoticia.com.br\/noticia\/wp-json\/wp\/v2\/categories?post=67844"},{"taxonomy":"post_tag","embeddable":true,"href":"https:\/\/www.redenoticia.com.br\/noticia\/wp-json\/wp\/v2\/tags?post=67844"}],"curies":[{"name":"wp","href":"https:\/\/api.w.org\/{rel}","templated":true}]}}