{"id":67841,"date":"2015-03-15T17:42:30","date_gmt":"2015-03-15T20:42:30","guid":{"rendered":"http:\/\/www.redenoticia.com.br\/noticia\/?p=67841"},"modified":"2015-03-15T18:14:23","modified_gmt":"2015-03-15T21:14:23","slug":"manifestantes-ocuparam-a-avenida-paulista-e-regiao","status":"publish","type":"post","link":"https:\/\/www.redenoticia.com.br\/noticia\/2015\/manifestantes-ocuparam-a-avenida-paulista-e-regiao\/67841","title":{"rendered":"Manifestantes ocuparam a Avenida Paulista e regi\u00e3o"},"content":{"rendered":"<p> A Avenida Paulista, na regi\u00e3o central de S\u00e3o Paulo, foi tomada de manifestantes nos dois sentidos. Os manifestantes portaram faixas e cartazes com cr\u00edticas contra a corrup\u00e7\u00e3o, as medidas econ\u00f4micas adotadas pelo governo federal e pedidos de sa\u00edda da presidenta Dilma Rousseff. <\/p>\n<p>Segundo estimativa da Pol\u00edcia Militar (PM), mais de 1 milh\u00e3o de pessoas ocuparam os dois sentidos da via e as ruas adjacentes. <\/p>\n<p>Os manifestantes come\u00e7aram a chegar no v\u00e3o livre do Museu de Arte de S\u00e3o Paulo (Masp) no final da manh\u00e3 e, por volta das 13h30, havia no local cerca de 9 mil pessoas, de acordo com a PM. Antes do in\u00edcio do ato, previsto para as 15h, mais de 200 mil pessoas estavam na avenida e nas ruas pr\u00f3ximas, segundo a PM.<\/p>\n<p>Marli Moreira &#8211; Rep\u00f3rter da Ag\u00eancia Brasil<br \/>\nEdi\u00e7\u00e3o: Lana Cristina<\/p>\n<p>Brasileiros protestam em cidades norte-americanas<\/p>\n<p>Brasileiros que residem nos Estados Unidos participaram hoje (15) de protestos contra a corrup\u00e7\u00e3o e o governo de Dilma Rousseff.<\/p>\n<p>De manh\u00e3, em Nova York, um grupo de brasileiros se concentrou na Union Square. Eles cantaram o Hino Nacional e pediram o impeachment da presidenta. Pelas redes sociais, manifestantes disseram que entre 70 e 80 pessoas estiveram na manifesta\u00e7\u00e3o em Nova York.<\/p>\n<p>O protesto em Miami, previsto para o meio-dia (13h no hor\u00e1rio de Bras\u00edlia), j\u00e1 come\u00e7ou, segundo informa\u00e7\u00f5es dos brasileiros participantes, que postam fotos de cartazes e se mobilizam nas redes sociais como Facebook e Twitter.<\/p>\n<p>De manh\u00e3, pelas redes sociais, brasileiros que moram em Boston e em Orlando tamb\u00e9m refor\u00e7avam a convocat\u00f3ria para o ato de protesto.<\/p>\n<p>A popula\u00e7\u00e3o de brasileiros residentes nos Estados Unidos \u00e9 estimada em 1,2 milh\u00e3o.<\/p>\n<p>Leandra Felipe \u2013 Correspondente da Ag\u00eancia Brasil\/EBC<br \/>\nEdi\u00e7\u00e3o: N\u00e1dia Franco<\/p>\n","protected":false},"excerpt":{"rendered":"<p>A Avenida Paulista, na regi\u00e3o central de S\u00e3o Paulo, foi tomada de manifestantes nos dois sentidos. Os manifestantes portaram faixas e cartazes com cr\u00edticas contra a corrup\u00e7\u00e3o, as medidas econ\u00f4micas adotadas pelo governo federal e pedidos de sa\u00edda da presidenta Dilma Rousseff. Segundo estimativa da Pol\u00edcia Militar (PM), mais de 1 milh\u00e3o de pessoas ocuparam [&hellip;]<\/p>\n","protected":false},"author":2,"featured_media":10771,"comment_status":"open","ping_status":"closed","sticky":false,"template":"","format":"standard","meta":{"_genesis_hide_title":false,"_genesis_hide_breadcrumbs":false,"_genesis_hide_singular_image":false,"_genesis_hide_footer_widgets":false,"_genesis_custom_body_class":"","_genesis_custom_post_class":"","_genesis_layout":"","_jetpack_memberships_contains_paid_content":false,"footnotes":""},"categories":[22],"tags":[],"class_list":{"0":"post-67841","1":"post","2":"type-post","3":"status-publish","4":"format-standard","5":"has-post-thumbnail","7":"category-brasil","8":"entry","9":"gs-1","10":"gs-odd","11":"gs-even","12":"gs-featured-content-entry"},"jetpack_featured_media_url":"https:\/\/www.redenoticia.com.br\/noticia\/imagens\/Brasil.jpg","jetpack_sharing_enabled":true,"jetpack_likes_enabled":true,"_links":{"self":[{"href":"https:\/\/www.redenoticia.com.br\/noticia\/wp-json\/wp\/v2\/posts\/67841","targetHints":{"allow":["GET"]}}],"collection":[{"href":"https:\/\/www.redenoticia.com.br\/noticia\/wp-json\/wp\/v2\/posts"}],"about":[{"href":"https:\/\/www.redenoticia.com.br\/noticia\/wp-json\/wp\/v2\/types\/post"}],"author":[{"embeddable":true,"href":"https:\/\/www.redenoticia.com.br\/noticia\/wp-json\/wp\/v2\/users\/2"}],"replies":[{"embeddable":true,"href":"https:\/\/www.redenoticia.com.br\/noticia\/wp-json\/wp\/v2\/comments?post=67841"}],"version-history":[{"count":0,"href":"https:\/\/www.redenoticia.com.br\/noticia\/wp-json\/wp\/v2\/posts\/67841\/revisions"}],"wp:featuredmedia":[{"embeddable":true,"href":"https:\/\/www.redenoticia.com.br\/noticia\/wp-json\/wp\/v2\/media\/10771"}],"wp:attachment":[{"href":"https:\/\/www.redenoticia.com.br\/noticia\/wp-json\/wp\/v2\/media?parent=67841"}],"wp:term":[{"taxonomy":"category","embeddable":true,"href":"https:\/\/www.redenoticia.com.br\/noticia\/wp-json\/wp\/v2\/categories?post=67841"},{"taxonomy":"post_tag","embeddable":true,"href":"https:\/\/www.redenoticia.com.br\/noticia\/wp-json\/wp\/v2\/tags?post=67841"}],"curies":[{"name":"wp","href":"https:\/\/api.w.org\/{rel}","templated":true}]}}