{"id":67839,"date":"2015-03-15T17:34:29","date_gmt":"2015-03-15T20:34:29","guid":{"rendered":"http:\/\/www.redenoticia.com.br\/noticia\/?p=67839"},"modified":"2015-03-15T18:15:46","modified_gmt":"2015-03-15T21:15:46","slug":"brasileiros-vao-as-ruas-em-portugal-e-no-reino-unido","status":"publish","type":"post","link":"https:\/\/www.redenoticia.com.br\/noticia\/2015\/brasileiros-vao-as-ruas-em-portugal-e-no-reino-unido\/67839","title":{"rendered":"Brasileiros foram \u00e0s ruas em Portugal e no Reino Unido"},"content":{"rendered":"<p> Brasileiros residentes em pa\u00edses europeus tamb\u00e9m foram \u00e0s ruas neste domingo (15) para protestar contra a corrup\u00e3o e o governo da presidenta Dilma Rousseff. Os protestos foram convocados pelo Facebook.<\/p>\n<p>Em Londres, cerca de 60 pessoas enfrentaram o frio e a chuva para participar da manifesta\u00e7\u00e3o, em frente \u00e0 embaixada brasileira, no centro da capital brit\u00e2nica. Quase 700 pessoas tinham confirmado presen\u00e7a pela internet. Eles vestiam verde e amarelo, seguravam bandeiras e cartazes em portugu\u00eas e ingl\u00eas pedindo o fim da corrup\u00e7\u00e3o. Em v\u00e1rios momentos, entoavam palavras de ordem contra o governo.<\/p>\n<p>Em Lisboa, cerca de 50 manifestantes se reuniram na Pra\u00e7a Lu\u00eds de Cam\u00f5es. Eles vestiram verde e amarelo. No Facebook, mais de 3 mil pessoas tinham confirmado presen\u00e7a. Os organizadores tamb\u00e9m convidaram os brasileiros que vivem em Portugal a pendurarem bandeiras do Brasil nas janelas neste domingo, como um ato de apoio ao pa\u00eds e protesto contra o governo.<\/p>\n<p>Giselle Garcia &#8211; Correspondente da Ag\u00eancia Brasil\/EBC na Europa<br \/>\nEdi\u00e7\u00e3o: Fernando Fraga<\/p>\n","protected":false},"excerpt":{"rendered":"<p>Brasileiros residentes em pa\u00edses europeus tamb\u00e9m foram \u00e0s ruas neste domingo (15) para protestar contra a corrup\u00e3o e o governo da presidenta Dilma Rousseff. Os protestos foram convocados pelo Facebook. Em Londres, cerca de 60 pessoas enfrentaram o frio e a chuva para participar da manifesta\u00e7\u00e3o, em frente \u00e0 embaixada brasileira, no centro da capital [&hellip;]<\/p>\n","protected":false},"author":2,"featured_media":10771,"comment_status":"open","ping_status":"closed","sticky":false,"template":"","format":"standard","meta":{"_genesis_hide_title":false,"_genesis_hide_breadcrumbs":false,"_genesis_hide_singular_image":false,"_genesis_hide_footer_widgets":false,"_genesis_custom_body_class":"","_genesis_custom_post_class":"","_genesis_layout":"","_jetpack_memberships_contains_paid_content":false,"footnotes":""},"categories":[22],"tags":[],"class_list":{"0":"post-67839","1":"post","2":"type-post","3":"status-publish","4":"format-standard","5":"has-post-thumbnail","7":"category-brasil","8":"entry","9":"gs-1","10":"gs-odd","11":"gs-even","12":"gs-featured-content-entry"},"jetpack_featured_media_url":"https:\/\/www.redenoticia.com.br\/noticia\/imagens\/Brasil.jpg","jetpack_sharing_enabled":true,"jetpack_likes_enabled":true,"_links":{"self":[{"href":"https:\/\/www.redenoticia.com.br\/noticia\/wp-json\/wp\/v2\/posts\/67839","targetHints":{"allow":["GET"]}}],"collection":[{"href":"https:\/\/www.redenoticia.com.br\/noticia\/wp-json\/wp\/v2\/posts"}],"about":[{"href":"https:\/\/www.redenoticia.com.br\/noticia\/wp-json\/wp\/v2\/types\/post"}],"author":[{"embeddable":true,"href":"https:\/\/www.redenoticia.com.br\/noticia\/wp-json\/wp\/v2\/users\/2"}],"replies":[{"embeddable":true,"href":"https:\/\/www.redenoticia.com.br\/noticia\/wp-json\/wp\/v2\/comments?post=67839"}],"version-history":[{"count":0,"href":"https:\/\/www.redenoticia.com.br\/noticia\/wp-json\/wp\/v2\/posts\/67839\/revisions"}],"wp:featuredmedia":[{"embeddable":true,"href":"https:\/\/www.redenoticia.com.br\/noticia\/wp-json\/wp\/v2\/media\/10771"}],"wp:attachment":[{"href":"https:\/\/www.redenoticia.com.br\/noticia\/wp-json\/wp\/v2\/media?parent=67839"}],"wp:term":[{"taxonomy":"category","embeddable":true,"href":"https:\/\/www.redenoticia.com.br\/noticia\/wp-json\/wp\/v2\/categories?post=67839"},{"taxonomy":"post_tag","embeddable":true,"href":"https:\/\/www.redenoticia.com.br\/noticia\/wp-json\/wp\/v2\/tags?post=67839"}],"curies":[{"name":"wp","href":"https:\/\/api.w.org\/{rel}","templated":true}]}}