{"id":67837,"date":"2015-03-15T17:33:03","date_gmt":"2015-03-15T20:33:03","guid":{"rendered":"http:\/\/www.redenoticia.com.br\/noticia\/?p=67837"},"modified":"2015-03-15T18:16:36","modified_gmt":"2015-03-15T21:16:36","slug":"brasileiros-no-canada-protestam-contra-a-corrupcao-no-brasil","status":"publish","type":"post","link":"https:\/\/www.redenoticia.com.br\/noticia\/2015\/brasileiros-no-canada-protestam-contra-a-corrupcao-no-brasil\/67837","title":{"rendered":"Brasileiros no Canad\u00e1 protestaram contra a corrup\u00e7\u00e3o no Brasil"},"content":{"rendered":"<p> Ao menos 30 pessoas se reuniram em frente ao Westmount Square \u2013 edif\u00edcio que abriga o consulado brasileiro em Montreal, no Canad\u00e1 \u2013 para protestar pelo fim da corrup\u00e7\u00e3o no Brasil. O objetivo, segundo Let\u00edcia Furtado, organizadora da manifesta\u00e7\u00e3o, \u00e9 mostrar solidariedade aos brasileiros que tamb\u00e9m sa\u00edram neste domingo \u00e0s ruas no Brasil para expressar insatisfa\u00e7\u00e3o com o governo.<\/p>\n<p>\u201cEu fiz este evento por ser solid\u00e1ria ao Brasil\u201d, disse a professora de educa\u00e7\u00e3o f\u00edsica, que mora h\u00e1 20 anos na cidade de Longueil, a 15 quil\u00f4metros de Montreal. \u201cE tamb\u00e9m para que os passantes entendam que o Brasil est\u00e1 mobilizado no dia de hoje\u201d, destacou.<\/p>\n<p>O analista financeiro Marcus Conter, h\u00e1 oito anos no Canad\u00e1, morador de Laval, distante 20 quil\u00f4metros de Montreal, tamb\u00e9m compareceu com um cartaz escrito em ingl\u00eas \u201cStop CorruPTion\u201d (Pare a Corrup\u00e7\u00e3o). Ele espera que as manifesta\u00e7\u00f5es fa\u00e7am com que a popula\u00e7\u00e3o fique mais consciente. \u201cE fique em cima dos pol\u00edticos para fazer as reformas que realmente precisam\u201d, disse.<\/p>\n<p>O manifesto foi pac\u00edfico. Come\u00e7ou \u00e0s 11h com a presen\u00e7a apenas da pr\u00f3pria organizadora do evento. O convite foi feito pela rede de relacionamentos Facebook a 446 pessoas, mas a neve \u2013 mais do que frio de menos 3 graus Celsius (3oC) \u2013 pode ter sido um dos motivos que desencorajaram parte dos 80 brasilleiros que haviam confirmado participa\u00e7\u00e3o no evento.<\/p>\n<p>Aos poucos, outras pessoas foram chegando com bandeiras do Brasil, cartazes e apitos. Os cartazes, escritos em franc\u00eas, traziam dados comparativos sobre infla\u00e7\u00e3o, d\u00edvida p\u00fablica, a\u00e7\u00f5es da Petrobras de antes e depois do atual governo e pediam o impeachment da atual presidenta.<\/p>\n<p>Um trecho do poema O Navio Negreiro, de Castro Alves, foi lida, e os manifestantes entoaram o Hino Nacional. Por volta das 13h, o grupo se dispersou.<\/p>\n<p>Montreal \u00e9 a segunda maior cidade do Canad\u00e1, onde vivem cerca de 3 mil brasileiros, segundo dados de Statistics Canada, o \u00f3rg\u00e3o de estat\u00edsticas do governo canadense.<\/p>\n<p>Em Toronto, maior cidade do Canad\u00e1, onde moram quase 7 mil brasileiros, tamb\u00e9m houve protesto. Os manifestantes se reuniram no Queen&#8217;s Park, a partir das 13h (14h no Brasil), vestidos de verde e amarelo e com cartazes pedindo o impeachment da atual presidenta.<\/p>\n<p>Iara Falc\u00e3o &#8211; Correspondente da Ag\u00eancia Brasil\/EBC<br \/>\nEdi\u00e7\u00e3o: Fernando Fraga<\/p>\n","protected":false},"excerpt":{"rendered":"<p>Ao menos 30 pessoas se reuniram em frente ao Westmount Square \u2013 edif\u00edcio que abriga o consulado brasileiro em Montreal, no Canad\u00e1 \u2013 para protestar pelo fim da corrup\u00e7\u00e3o no Brasil. O objetivo, segundo Let\u00edcia Furtado, organizadora da manifesta\u00e7\u00e3o, \u00e9 mostrar solidariedade aos brasileiros que tamb\u00e9m sa\u00edram neste domingo \u00e0s ruas no Brasil para expressar [&hellip;]<\/p>\n","protected":false},"author":2,"featured_media":10771,"comment_status":"open","ping_status":"closed","sticky":false,"template":"","format":"standard","meta":{"_genesis_hide_title":false,"_genesis_hide_breadcrumbs":false,"_genesis_hide_singular_image":false,"_genesis_hide_footer_widgets":false,"_genesis_custom_body_class":"","_genesis_custom_post_class":"","_genesis_layout":"","_jetpack_memberships_contains_paid_content":false,"footnotes":""},"categories":[22],"tags":[],"class_list":{"0":"post-67837","1":"post","2":"type-post","3":"status-publish","4":"format-standard","5":"has-post-thumbnail","7":"category-brasil","8":"entry","9":"gs-1","10":"gs-odd","11":"gs-even","12":"gs-featured-content-entry"},"jetpack_featured_media_url":"https:\/\/www.redenoticia.com.br\/noticia\/imagens\/Brasil.jpg","jetpack_sharing_enabled":true,"jetpack_likes_enabled":true,"_links":{"self":[{"href":"https:\/\/www.redenoticia.com.br\/noticia\/wp-json\/wp\/v2\/posts\/67837","targetHints":{"allow":["GET"]}}],"collection":[{"href":"https:\/\/www.redenoticia.com.br\/noticia\/wp-json\/wp\/v2\/posts"}],"about":[{"href":"https:\/\/www.redenoticia.com.br\/noticia\/wp-json\/wp\/v2\/types\/post"}],"author":[{"embeddable":true,"href":"https:\/\/www.redenoticia.com.br\/noticia\/wp-json\/wp\/v2\/users\/2"}],"replies":[{"embeddable":true,"href":"https:\/\/www.redenoticia.com.br\/noticia\/wp-json\/wp\/v2\/comments?post=67837"}],"version-history":[{"count":0,"href":"https:\/\/www.redenoticia.com.br\/noticia\/wp-json\/wp\/v2\/posts\/67837\/revisions"}],"wp:featuredmedia":[{"embeddable":true,"href":"https:\/\/www.redenoticia.com.br\/noticia\/wp-json\/wp\/v2\/media\/10771"}],"wp:attachment":[{"href":"https:\/\/www.redenoticia.com.br\/noticia\/wp-json\/wp\/v2\/media?parent=67837"}],"wp:term":[{"taxonomy":"category","embeddable":true,"href":"https:\/\/www.redenoticia.com.br\/noticia\/wp-json\/wp\/v2\/categories?post=67837"},{"taxonomy":"post_tag","embeddable":true,"href":"https:\/\/www.redenoticia.com.br\/noticia\/wp-json\/wp\/v2\/tags?post=67837"}],"curies":[{"name":"wp","href":"https:\/\/api.w.org\/{rel}","templated":true}]}}