{"id":67835,"date":"2015-03-15T17:31:50","date_gmt":"2015-03-15T20:31:50","guid":{"rendered":"http:\/\/www.redenoticia.com.br\/noticia\/?p=67835"},"modified":"2015-03-15T18:47:21","modified_gmt":"2015-03-15T21:47:21","slug":"manifestacoes-ganham-destaque-na-imprensa-europeia","status":"publish","type":"post","link":"https:\/\/www.redenoticia.com.br\/noticia\/2015\/manifestacoes-ganham-destaque-na-imprensa-europeia\/67835","title":{"rendered":"Manifesta\u00e7\u00f5es ganharam destaque na m\u00eddia internacional"},"content":{"rendered":"<p><a href=\"https:\/\/www.redenoticia.com.br\/noticia\/imagens\/Brasil.jpg\"><img loading=\"lazy\" decoding=\"async\" class=\"alignleft size-medium wp-image-10771\" src=\"https:\/\/www.redenoticia.com.br\/noticia\/imagens\/Brasil-249x187.jpg\" alt=\"Brasil\" width=\"249\" height=\"187\" srcset=\"https:\/\/www.redenoticia.com.br\/noticia\/imagens\/Brasil-249x187.jpg 249w, https:\/\/www.redenoticia.com.br\/noticia\/imagens\/Brasil-250x187.jpg 250w, https:\/\/www.redenoticia.com.br\/noticia\/imagens\/Brasil.jpg 400w, https:\/\/www.redenoticia.com.br\/noticia\/imagens\/Brasil-150x113.jpg 150w, https:\/\/www.redenoticia.com.br\/noticia\/imagens\/Brasil-265x198.jpg 265w, https:\/\/www.redenoticia.com.br\/noticia\/imagens\/Brasil-149x112.jpg 149w\" sizes=\"auto, (max-width: 249px) 100vw, 249px\" \/><\/a> As manifesta\u00e7\u00f5es contra o governo Dilma Rousseff, que levaram neste domingo (15) mais de um milh\u00e3o de pessoas \u00e0s ruas em todo o Brasil tiveram repercuss\u00e3o na m\u00eddia internacional. V\u00e1rios jornais europeus deram destaque ao evento em suas p\u00e1ginas, trazendo informa\u00e7\u00f5es, imagens e an\u00e1lises.<\/p>\n<p>O jornal brit\u00e2nico The Guardian chamou os protestos de \u201cdemonstra\u00e7\u00f5es de direita\u201d pela frustra\u00e7\u00e3o com a \u201ceconomia moribunda\u201d e o esc\u00e2ndalo de corrup\u00e7\u00e3o na Petrobras. Com o t\u00edtulo \u201cBrasil: centenas de milhares de manifestantes pedem o impeachment de Rousseff\u201d, a publica\u00e7\u00e3o trouxe uma descri\u00e7\u00e3o dos eventos em algumas cidades brasileiras e disse que, diferentemente das manifesta\u00e7\u00f5es ocorridas na Copa das Confedera\u00e7\u00f5es em 2013, as registradas hoje foram promovidas por \u201cuma classe m\u00e9dia predominantemente branca\u201d que tomou as ruas para pedir o impeachment da presidenta.<\/p>\n<p>J\u00e1 o jornal Financial Times, com o t\u00edtulo \u201cMilhares pedem o impeachment de Rousseff\u201d, destacou que as manifesta\u00e7\u00f5es aconteceram no in\u00edcio do segundo mandato de Dilma e se somar\u00e3o \u201ca um clima de instabilidade pol\u00edtica que tem empurrado a moeda brasileira para baixo e tornado ainda mais dif\u00edcil a introdu\u00e7\u00e3o das medidas de austeridade necess\u00e1rias para corrigir a deteriorada situa\u00e7\u00e3o fiscal do Brasil\u201d.<\/p>\n<p>As manifesta\u00e7\u00f5es do Brasil foram manchete no site da empresa brit\u00e2nica de not\u00edcias BBC neste domingo. O t\u00edtulo \u201cGrandes protestos contra a presidente do Brasil\u201d \u00e9 ilustrado por uma foto de uma brasileira vestida de verde e amarelo, enrolada na bandeira do Brasil, com o bra\u00e7o direito estendido em sinal de protesto. A not\u00edcia d\u00e1 \u00eanfase ao esc\u00e2ndalo de corrup\u00e7\u00e3o da Petrobras como o fator gerador dos protestos.<\/p>\n<p>O jornal alem\u00e3o Der Spiegel trouxe o t\u00edtulo &#8220;Brasil: centenas de milhares v\u00e3o \u00e0s ruas para protestar contra o governo&#8221;, ilustrado por uma foto da manifesta\u00e7\u00e3o ocorrida em Manaus. No texto, o jornal descreve os eventos nas principais cidades brasileiras e atribui as manifesta\u00e7\u00f5es \u00e0 crise econ\u00f4mica e ao esc\u00e2ndalo de corrup\u00e7\u00e3o da Petrobras. <\/p>\n<p>Giselle Garcia &#8211; Correspondente da Ag\u00eancia Brasil\/EBC na Europa<br \/>\nEdi\u00e7\u00e3o: Fernando Fraga<\/p>\n","protected":false},"excerpt":{"rendered":"<p>As manifesta\u00e7\u00f5es contra o governo Dilma Rousseff, que levaram neste domingo (15) mais de um milh\u00e3o de pessoas \u00e0s ruas em todo o Brasil tiveram repercuss\u00e3o na m\u00eddia internacional. V\u00e1rios jornais europeus deram destaque ao evento em suas p\u00e1ginas, trazendo informa\u00e7\u00f5es, imagens e an\u00e1lises. O jornal brit\u00e2nico The Guardian chamou os protestos de \u201cdemonstra\u00e7\u00f5es de [&hellip;]<\/p>\n","protected":false},"author":2,"featured_media":10771,"comment_status":"open","ping_status":"closed","sticky":false,"template":"","format":"standard","meta":{"_genesis_hide_title":false,"_genesis_hide_breadcrumbs":false,"_genesis_hide_singular_image":false,"_genesis_hide_footer_widgets":false,"_genesis_custom_body_class":"","_genesis_custom_post_class":"","_genesis_layout":"","_jetpack_memberships_contains_paid_content":false,"footnotes":""},"categories":[22],"tags":[],"class_list":{"0":"post-67835","1":"post","2":"type-post","3":"status-publish","4":"format-standard","5":"has-post-thumbnail","7":"category-brasil","8":"entry","9":"gs-1","10":"gs-odd","11":"gs-even","12":"gs-featured-content-entry"},"jetpack_featured_media_url":"https:\/\/www.redenoticia.com.br\/noticia\/imagens\/Brasil.jpg","jetpack_sharing_enabled":true,"jetpack_likes_enabled":true,"_links":{"self":[{"href":"https:\/\/www.redenoticia.com.br\/noticia\/wp-json\/wp\/v2\/posts\/67835","targetHints":{"allow":["GET"]}}],"collection":[{"href":"https:\/\/www.redenoticia.com.br\/noticia\/wp-json\/wp\/v2\/posts"}],"about":[{"href":"https:\/\/www.redenoticia.com.br\/noticia\/wp-json\/wp\/v2\/types\/post"}],"author":[{"embeddable":true,"href":"https:\/\/www.redenoticia.com.br\/noticia\/wp-json\/wp\/v2\/users\/2"}],"replies":[{"embeddable":true,"href":"https:\/\/www.redenoticia.com.br\/noticia\/wp-json\/wp\/v2\/comments?post=67835"}],"version-history":[{"count":0,"href":"https:\/\/www.redenoticia.com.br\/noticia\/wp-json\/wp\/v2\/posts\/67835\/revisions"}],"wp:featuredmedia":[{"embeddable":true,"href":"https:\/\/www.redenoticia.com.br\/noticia\/wp-json\/wp\/v2\/media\/10771"}],"wp:attachment":[{"href":"https:\/\/www.redenoticia.com.br\/noticia\/wp-json\/wp\/v2\/media?parent=67835"}],"wp:term":[{"taxonomy":"category","embeddable":true,"href":"https:\/\/www.redenoticia.com.br\/noticia\/wp-json\/wp\/v2\/categories?post=67835"},{"taxonomy":"post_tag","embeddable":true,"href":"https:\/\/www.redenoticia.com.br\/noticia\/wp-json\/wp\/v2\/tags?post=67835"}],"curies":[{"name":"wp","href":"https:\/\/api.w.org\/{rel}","templated":true}]}}