{"id":67739,"date":"2015-03-13T15:26:40","date_gmt":"2015-03-13T18:26:40","guid":{"rendered":"http:\/\/www.redenoticia.com.br\/noticia\/?p=67739"},"modified":"2015-03-13T15:26:40","modified_gmt":"2015-03-13T18:26:40","slug":"tombini-e-janot-assinam-acordo-para-troca-de-informacoes","status":"publish","type":"post","link":"https:\/\/www.redenoticia.com.br\/noticia\/2015\/tombini-e-janot-assinam-acordo-para-troca-de-informacoes\/67739","title":{"rendered":"Tombini e Janot assinam acordo para troca de informa\u00e7\u00f5es"},"content":{"rendered":"<p> O presidente do Banco Central (BC), Alexandre Tombini, e o procurador-geral da Rep\u00fablica, Rodrigo Janot, assinaram acordo de <strong><em>coopera\u00e7\u00e3o t\u00e9cnica<\/em><\/strong> entre a autoridade monet\u00e1ria e o Minist\u00e9rio P\u00fablico Federal (MPF). O objetivo \u00e9 a troca de informa\u00e7\u00f5es e a\u00e7\u00e3o conjunta dos \u00f3rg\u00e3os, a fim de fiscalizar irregularidades e proteger os direitos dos consumidores de servi\u00e7os financeiros.<\/p>\n<p>O documento prev\u00ea que a autoridade monet\u00e1ria envie ao MPF documentos obtidos em procedimentos administrativos de apura\u00e7\u00e3o ou san\u00e7\u00e3o a institui\u00e7\u00f5es financeiras, quando configurarem viola\u00e7\u00e3o de regras. O acordo destaca que deve haver respeito \u00e0s normas do sigilo financeiro. O Minist\u00e9rio P\u00fablico fica respons\u00e1vel por assegurar o eventual segredo das informa\u00e7\u00f5es.<\/p>\n<p>O documento assinado por Tombini e Janot determina ainda a troca de documentos, estudos e trabalhos sobre regula\u00e7\u00e3o e fiscaliza\u00e7\u00e3o do sistema financeiro e sobre a preven\u00e7\u00e3o, identifica\u00e7\u00e3o e repress\u00e3o a pr\u00e1ticas lesivas aos consumidores dos seus servi\u00e7os. Um comit\u00ea formado por um coordenador e cinco representantes ser\u00e1 criado em cada institui\u00e7\u00e3o para estabelecer a coopera\u00e7\u00e3o.<\/p>\n<p>Segundo o BC, \u201co acordo levou em conta o processo de inclus\u00e3o financeira que tem se desenvolvido na economia brasileira nas \u00faltimas d\u00e9cadas, com maior acesso da popula\u00e7\u00e3o a produtos e servi\u00e7os\u201d. O encontro entre o presidente do BC e o procurador-geral foi fechado \u00e0 imprensa. N\u00e3o houve entrevista ap\u00f3s a assinatura. <\/p>\n<p>Mariana Branco &#8211; Rep\u00f3rter da Ag\u00eancia Brasil<br \/>\nEdi\u00e7\u00e3o: Jos\u00e9 Romildo<\/p>\n","protected":false},"excerpt":{"rendered":"<p>O presidente do Banco Central (BC), Alexandre Tombini, e o procurador-geral da Rep\u00fablica, Rodrigo Janot, assinaram acordo de coopera\u00e7\u00e3o t\u00e9cnica entre a autoridade monet\u00e1ria e o Minist\u00e9rio P\u00fablico Federal (MPF). O objetivo \u00e9 a troca de informa\u00e7\u00f5es e a\u00e7\u00e3o conjunta dos \u00f3rg\u00e3os, a fim de fiscalizar irregularidades e proteger os direitos dos consumidores de servi\u00e7os [&hellip;]<\/p>\n","protected":false},"author":2,"featured_media":38938,"comment_status":"open","ping_status":"closed","sticky":false,"template":"","format":"standard","meta":{"_genesis_hide_title":false,"_genesis_hide_breadcrumbs":false,"_genesis_hide_singular_image":false,"_genesis_hide_footer_widgets":false,"_genesis_custom_body_class":"","_genesis_custom_post_class":"","_genesis_layout":"","_jetpack_memberships_contains_paid_content":false,"footnotes":""},"categories":[22],"tags":[],"class_list":{"0":"post-67739","1":"post","2":"type-post","3":"status-publish","4":"format-standard","5":"has-post-thumbnail","7":"category-brasil","8":"entry","9":"gs-1","10":"gs-odd","11":"gs-even","12":"gs-featured-content-entry"},"jetpack_featured_media_url":"https:\/\/www.redenoticia.com.br\/noticia\/imagens\/economia1.jpg","jetpack_sharing_enabled":true,"jetpack_likes_enabled":true,"_links":{"self":[{"href":"https:\/\/www.redenoticia.com.br\/noticia\/wp-json\/wp\/v2\/posts\/67739","targetHints":{"allow":["GET"]}}],"collection":[{"href":"https:\/\/www.redenoticia.com.br\/noticia\/wp-json\/wp\/v2\/posts"}],"about":[{"href":"https:\/\/www.redenoticia.com.br\/noticia\/wp-json\/wp\/v2\/types\/post"}],"author":[{"embeddable":true,"href":"https:\/\/www.redenoticia.com.br\/noticia\/wp-json\/wp\/v2\/users\/2"}],"replies":[{"embeddable":true,"href":"https:\/\/www.redenoticia.com.br\/noticia\/wp-json\/wp\/v2\/comments?post=67739"}],"version-history":[{"count":0,"href":"https:\/\/www.redenoticia.com.br\/noticia\/wp-json\/wp\/v2\/posts\/67739\/revisions"}],"wp:featuredmedia":[{"embeddable":true,"href":"https:\/\/www.redenoticia.com.br\/noticia\/wp-json\/wp\/v2\/media\/38938"}],"wp:attachment":[{"href":"https:\/\/www.redenoticia.com.br\/noticia\/wp-json\/wp\/v2\/media?parent=67739"}],"wp:term":[{"taxonomy":"category","embeddable":true,"href":"https:\/\/www.redenoticia.com.br\/noticia\/wp-json\/wp\/v2\/categories?post=67739"},{"taxonomy":"post_tag","embeddable":true,"href":"https:\/\/www.redenoticia.com.br\/noticia\/wp-json\/wp\/v2\/tags?post=67739"}],"curies":[{"name":"wp","href":"https:\/\/api.w.org\/{rel}","templated":true}]}}