{"id":67735,"date":"2015-03-13T15:21:07","date_gmt":"2015-03-13T18:21:07","guid":{"rendered":"http:\/\/www.redenoticia.com.br\/noticia\/?p=67735"},"modified":"2015-03-13T15:21:07","modified_gmt":"2015-03-13T18:21:07","slug":"solidariedade-inicia-campanha-para-colher-assinaturas-favoraveis-a-impeachment","status":"publish","type":"post","link":"https:\/\/www.redenoticia.com.br\/noticia\/2015\/solidariedade-inicia-campanha-para-colher-assinaturas-favoraveis-a-impeachment\/67735","title":{"rendered":"Solidariedade inicia campanha para colher assinaturas favor\u00e1veis a impeachment"},"content":{"rendered":"<p> O partido Solidariedade iniciou uma campanha para coleta de 1 milh\u00e3o de assinaturas com o objetivo de pedir o <strong><em>impeachment<\/em><\/strong> da presidenta Dilma Rousseff. Em entrevista coletiva convocada para a tarde de hoje, o presidente do partido, deputado Paulo Pereira da Silva (SP), o Paulinho da For\u00e7a Sindical, disse que a coleta ser\u00e1 feita pelo site da legenda.<\/p>\n<p>Assim que o partido chegar ao patamar de 1 milh\u00e3o de assinaturas, o Solidariedade apresentar\u00e1 o pedido de abertura de processo \u00e0 C\u00e2mara dos Deputados. Na apresenta\u00e7\u00e3o do pedido, o partido usar\u00e1 como base pareceres jur\u00eddicos que foram encomendados a 12 juristas renomados. At\u00e9 o momento, o Solidariedade tem em m\u00e3os apenas o parecer de Ives Gandra<\/p>\n<p>Perguntado se h\u00e1 fato determinado para o pedido de impeachment, Paulinho disse que se a presidenta n\u00e3o tomou nenhuma medida em rela\u00e7\u00e3o ao esc\u00e2ndalo na Petrobras foi omissa. \u201cA situa\u00e7\u00e3o \u00e9 grave, a corrup\u00e7\u00e3o \u00e9 generalizada, bilh\u00f5es foram roubados da Petrobras. [\u2026] E nenhuma medida ela tomou. Se ela n\u00e3o tomou, tem omiss\u00e3o\u201d. Para Paulinho, a omiss\u00e3o \u00e9 um fato concreto para que se pe\u00e7a a cassa\u00e7\u00e3o de Dilma.<\/p>\n<p>O presidente do Solidariedade informou que vai intensificar a coleta em todo o Brasil a partir deste domingo (15), para quando est\u00e3o marcados protestos contra o governo em todo o pa\u00eds, e que distribuir\u00e1 mais de 500 mil panfletos que j\u00e1 foram impressos para as assinaturas.<\/p>\n<p>Iolando Louren\u00e7o &#8211; Rep\u00f3rter da Ag\u00eancia Brasil<br \/>\nEdi\u00e7\u00e3o: A\u00e9cio Amado<\/p>\n","protected":false},"excerpt":{"rendered":"<p>O partido Solidariedade iniciou uma campanha para coleta de 1 milh\u00e3o de assinaturas com o objetivo de pedir o impeachment da presidenta Dilma Rousseff. Em entrevista coletiva convocada para a tarde de hoje, o presidente do partido, deputado Paulo Pereira da Silva (SP), o Paulinho da For\u00e7a Sindical, disse que a coleta ser\u00e1 feita pelo [&hellip;]<\/p>\n","protected":false},"author":2,"featured_media":57577,"comment_status":"open","ping_status":"closed","sticky":false,"template":"","format":"standard","meta":{"_genesis_hide_title":false,"_genesis_hide_breadcrumbs":false,"_genesis_hide_singular_image":false,"_genesis_hide_footer_widgets":false,"_genesis_custom_body_class":"","_genesis_custom_post_class":"","_genesis_layout":"","_jetpack_memberships_contains_paid_content":false,"footnotes":""},"categories":[22],"tags":[],"class_list":{"0":"post-67735","1":"post","2":"type-post","3":"status-publish","4":"format-standard","5":"has-post-thumbnail","7":"category-brasil","8":"entry","9":"gs-1","10":"gs-odd","11":"gs-even","12":"gs-featured-content-entry"},"jetpack_featured_media_url":"https:\/\/www.redenoticia.com.br\/noticia\/imagens\/tecnologia-inscricao.jpg","jetpack_sharing_enabled":true,"jetpack_likes_enabled":true,"_links":{"self":[{"href":"https:\/\/www.redenoticia.com.br\/noticia\/wp-json\/wp\/v2\/posts\/67735","targetHints":{"allow":["GET"]}}],"collection":[{"href":"https:\/\/www.redenoticia.com.br\/noticia\/wp-json\/wp\/v2\/posts"}],"about":[{"href":"https:\/\/www.redenoticia.com.br\/noticia\/wp-json\/wp\/v2\/types\/post"}],"author":[{"embeddable":true,"href":"https:\/\/www.redenoticia.com.br\/noticia\/wp-json\/wp\/v2\/users\/2"}],"replies":[{"embeddable":true,"href":"https:\/\/www.redenoticia.com.br\/noticia\/wp-json\/wp\/v2\/comments?post=67735"}],"version-history":[{"count":0,"href":"https:\/\/www.redenoticia.com.br\/noticia\/wp-json\/wp\/v2\/posts\/67735\/revisions"}],"wp:featuredmedia":[{"embeddable":true,"href":"https:\/\/www.redenoticia.com.br\/noticia\/wp-json\/wp\/v2\/media\/57577"}],"wp:attachment":[{"href":"https:\/\/www.redenoticia.com.br\/noticia\/wp-json\/wp\/v2\/media?parent=67735"}],"wp:term":[{"taxonomy":"category","embeddable":true,"href":"https:\/\/www.redenoticia.com.br\/noticia\/wp-json\/wp\/v2\/categories?post=67735"},{"taxonomy":"post_tag","embeddable":true,"href":"https:\/\/www.redenoticia.com.br\/noticia\/wp-json\/wp\/v2\/tags?post=67735"}],"curies":[{"name":"wp","href":"https:\/\/api.w.org\/{rel}","templated":true}]}}