{"id":67733,"date":"2015-03-13T15:31:13","date_gmt":"2015-03-13T18:31:13","guid":{"rendered":"http:\/\/www.redenoticia.com.br\/noticia\/?p=67733"},"modified":"2015-03-13T15:31:04","modified_gmt":"2015-03-13T18:31:04","slug":"procon-sp-da-dicas-para-compras-da-pascoa","status":"publish","type":"post","link":"https:\/\/www.redenoticia.com.br\/noticia\/2015\/procon-sp-da-dicas-para-compras-da-pascoa\/67733","title":{"rendered":"Procon-SP d\u00e1 dicas para compras da P\u00e1scoa"},"content":{"rendered":"<p> A <strong><em>P\u00e1scoa<\/em><\/strong> est\u00e1 chegando e, com ela, ofertas de ovos de chocolate de diversas cores, recheios e tamanhos invadem o com\u00e9rcio e as publicidades. Como apenas nesta \u00e9poca se encontram os chocolates em formato de ovo, este item geralmente custa mais, quando comparado ao pre\u00e7o que pode ser pago por uma barra de chocolate ou uma caixa de bombons. Por isso, antes de comprar \u00e9 importante pesquisar bem e pensar primeiro no seu bolso e, dependendo do valor, tenha em mente que oval, redondo ou em barra, chocolate \u00e9 chocolate.<\/p>\n<p> Na hora da compra \u00e9 importante olhar as numera\u00e7\u00f5es indicadas pelos fabricantes nos r\u00f3tulos dos ovos de P\u00e1scoa. Como n\u00e3o s\u00e3o padronizadas, leve em conta a informa\u00e7\u00e3o sobre o peso do produto.<\/p>\n<p>Quando a mercadoria vier com brinquedos no interior, observe se na embalagem cont\u00e9m o selo com a idade recomend\u00e1vel para seu uso, al\u00e9m da seguinte frase: &#8220;Aten\u00e7\u00e3o! Cont\u00e9m brinquedo certificado no \u00e2mbito do Sistema Brasileiro de Avalia\u00e7\u00e3o da Conformidade&#8221;.<\/p>\n<p>A embalagem de ovos ou da barra de chocolate deve estar em boas condi\u00e7\u00f5es de armazenamento, longe de produtos de limpeza, de odor forte e de qualquer fonte de calor. Verifique se h\u00e1 sinais de viola\u00e7\u00e3o do conte\u00fado. Evite produtos amassados ou com furos na embalagem, pois \u00e9 ela quem protege o produto de insetos e de contamina\u00e7\u00e3o. Os fornecedores de produtos fabricados artesanalmente, al\u00e9m de terem de seguir as mesmas regras de comercializa\u00e7\u00e3o dos industrializados, tamb\u00e9m est\u00e3o obrigados a fornecer nota fiscal.<\/p>\n<p>Os r\u00f3tulos devem trazer, al\u00e9m da identifica\u00e7\u00e3o do fabricante, a data de validade, peso e a composi\u00e7\u00e3o, j\u00e1 que determinadas doen\u00e7as impedem aos seus portadores a ingest\u00e3o de a\u00e7\u00facar ou gl\u00faten, por exemplo. <\/p>\n<p>Do Portal do Governo do Estado<\/p>\n","protected":false},"excerpt":{"rendered":"<p>A P\u00e1scoa est\u00e1 chegando e, com ela, ofertas de ovos de chocolate de diversas cores, recheios e tamanhos invadem o com\u00e9rcio e as publicidades. Como apenas nesta \u00e9poca se encontram os chocolates em formato de ovo, este item geralmente custa mais, quando comparado ao pre\u00e7o que pode ser pago por uma barra de chocolate ou [&hellip;]<\/p>\n","protected":false},"author":2,"featured_media":34722,"comment_status":"open","ping_status":"closed","sticky":false,"template":"","format":"standard","meta":{"_genesis_hide_title":false,"_genesis_hide_breadcrumbs":false,"_genesis_hide_singular_image":false,"_genesis_hide_footer_widgets":false,"_genesis_custom_body_class":"","_genesis_custom_post_class":"","_genesis_layout":"","_jetpack_memberships_contains_paid_content":false,"footnotes":""},"categories":[22],"tags":[],"class_list":{"0":"post-67733","1":"post","2":"type-post","3":"status-publish","4":"format-standard","5":"has-post-thumbnail","7":"category-brasil","8":"entry","9":"gs-1","10":"gs-odd","11":"gs-even","12":"gs-featured-content-entry"},"jetpack_featured_media_url":"https:\/\/www.redenoticia.com.br\/noticia\/imagens\/pascoa.jpg","jetpack_sharing_enabled":true,"jetpack_likes_enabled":true,"_links":{"self":[{"href":"https:\/\/www.redenoticia.com.br\/noticia\/wp-json\/wp\/v2\/posts\/67733","targetHints":{"allow":["GET"]}}],"collection":[{"href":"https:\/\/www.redenoticia.com.br\/noticia\/wp-json\/wp\/v2\/posts"}],"about":[{"href":"https:\/\/www.redenoticia.com.br\/noticia\/wp-json\/wp\/v2\/types\/post"}],"author":[{"embeddable":true,"href":"https:\/\/www.redenoticia.com.br\/noticia\/wp-json\/wp\/v2\/users\/2"}],"replies":[{"embeddable":true,"href":"https:\/\/www.redenoticia.com.br\/noticia\/wp-json\/wp\/v2\/comments?post=67733"}],"version-history":[{"count":0,"href":"https:\/\/www.redenoticia.com.br\/noticia\/wp-json\/wp\/v2\/posts\/67733\/revisions"}],"wp:featuredmedia":[{"embeddable":true,"href":"https:\/\/www.redenoticia.com.br\/noticia\/wp-json\/wp\/v2\/media\/34722"}],"wp:attachment":[{"href":"https:\/\/www.redenoticia.com.br\/noticia\/wp-json\/wp\/v2\/media?parent=67733"}],"wp:term":[{"taxonomy":"category","embeddable":true,"href":"https:\/\/www.redenoticia.com.br\/noticia\/wp-json\/wp\/v2\/categories?post=67733"},{"taxonomy":"post_tag","embeddable":true,"href":"https:\/\/www.redenoticia.com.br\/noticia\/wp-json\/wp\/v2\/tags?post=67733"}],"curies":[{"name":"wp","href":"https:\/\/api.w.org\/{rel}","templated":true}]}}