{"id":67667,"date":"2015-03-12T14:59:51","date_gmt":"2015-03-12T17:59:51","guid":{"rendered":"http:\/\/www.redenoticia.com.br\/noticia\/?p=67667"},"modified":"2015-03-12T14:59:51","modified_gmt":"2015-03-12T17:59:51","slug":"fgv-reducao-do-emprego-deve-continuar-no-1o-trimestre-do-ano","status":"publish","type":"post","link":"https:\/\/www.redenoticia.com.br\/noticia\/2015\/fgv-reducao-do-emprego-deve-continuar-no-1o-trimestre-do-ano\/67667","title":{"rendered":"FGV: redu\u00e7\u00e3o do emprego deve continuar no 1\u00ba trimestre do ano"},"content":{"rendered":"<p> A pesquisa Indicadores de Mercado de Trabalho, divulgada pelo Instituto Brasileiro de Economia (Ibre) da Funda\u00e7\u00e3o Getulio Vargas (FGV), confirma que a <strong><em>redu\u00e7\u00e3o do emprego<\/em><\/strong> deve continuar no primeiro trimestre deste ano.<\/p>\n<p>A piora \u00e9 observada tanto no Indicador Antecedente de Emprego (IAEmp) quanto no Indicador Coincidente de Desemprego (ICD). No primeiro caso, o Indicador Antecedente de Emprego recuou 4,3% em fevereiro, atingindo 71 pontos, o menor n\u00edvel da s\u00e9rie iniciada em abril de 2009.<\/p>\n<p>O resultado, segundo Rodrigo Leandro de Moura, pesquisador do Ibre, confirma a percep\u00e7\u00e3o de desaquecimento do mercado de trabalho para os pr\u00f3ximos meses. Em janeiro, o \u00edndice j\u00e1 havia ca\u00eddo 2,4%, ap\u00f3s ter fechado dezembro do ano passado com um avan\u00e7o de 2%.<\/p>\n<p>Para Leandro de Moura, \u201cos resultados mostram que a redu\u00e7\u00e3o do emprego deve continuar no primeiro trimestre do ano, principalmente pela piora nas expectativas de trabalhadores e empresas em rela\u00e7\u00e3o ao mercado de trabalho. Adicionalmente, a piora na percep\u00e7\u00e3o dos neg\u00f3cios, principalmente no setor de servi\u00e7os intensivos em m\u00e3o de obra, deve contribuir tamb\u00e9m para a eleva\u00e7\u00e3o das demiss\u00f5es e, consequentemente, do desemprego, nos pr\u00f3ximos meses\u201d, disse.<\/p>\n<p>O Ibre informa ainda que o quesito que mede a expectativa dos consumidores em rela\u00e7\u00e3o \u00e0 disponibilidade de emprego no futuro foi o que mais contribuiu para a forte queda do IAEmp neste m\u00eas, ao fechar negativo em 13,2% na margem. O IAEmp \u00e9 um indicador constru\u00eddo como uma combina\u00e7\u00e3o de s\u00e9ries extra\u00eddas das Sondagens da Ind\u00fastria, de Servi\u00e7os e do Consumidor, tendo capacidade de antecipar os rumos do mercado de trabalho no pa\u00eds.<\/p>\n<p>O Indicador Coincidente de Desemprego avan\u00e7ou 1,2% em fevereiro, atingindo 78 pontos, mantendo, com o resultado, a tend\u00eancia de alta iniciada em 2014. O resultado, segundo o Ibre, \u201csinaliza piora do mercado de trabalho em fevereiro\u201d.<\/p>\n<p>O ICD \u00e9 constru\u00eddo a partir de dados, em quatro classes de renda familiar, do quesito da Sondagem do Consumidor que capta a percep\u00e7\u00e3o do entrevistado a respeito da situa\u00e7\u00e3o presente do mercado de trabalho. O indicador capta a percep\u00e7\u00e3o das fam\u00edlias sobre o mercado de trabalho, sem refletir, por exemplo, a diminui\u00e7\u00e3o da procura de emprego motivada por desalento.<\/p>\n<p>Nielmar de Oliveira &#8211; Rep\u00f3rter da Ag\u00eancia Brasil<br \/>\nEdi\u00e7\u00e3o: Jos\u00e9 Romildo<\/p>\n","protected":false},"excerpt":{"rendered":"<p>A pesquisa Indicadores de Mercado de Trabalho, divulgada pelo Instituto Brasileiro de Economia (Ibre) da Funda\u00e7\u00e3o Getulio Vargas (FGV), confirma que a redu\u00e7\u00e3o do emprego deve continuar no primeiro trimestre deste ano. A piora \u00e9 observada tanto no Indicador Antecedente de Emprego (IAEmp) quanto no Indicador Coincidente de Desemprego (ICD). No primeiro caso, o Indicador [&hellip;]<\/p>\n","protected":false},"author":2,"featured_media":57585,"comment_status":"open","ping_status":"closed","sticky":false,"template":"","format":"standard","meta":{"_genesis_hide_title":false,"_genesis_hide_breadcrumbs":false,"_genesis_hide_singular_image":false,"_genesis_hide_footer_widgets":false,"_genesis_custom_body_class":"","_genesis_custom_post_class":"","_genesis_layout":"","_jetpack_memberships_contains_paid_content":false,"footnotes":""},"categories":[22,7],"tags":[],"class_list":{"0":"post-67667","1":"post","2":"type-post","3":"status-publish","4":"format-standard","5":"has-post-thumbnail","7":"category-brasil","8":"category-economia","9":"entry","10":"gs-1","11":"gs-odd","12":"gs-even","13":"gs-featured-content-entry"},"jetpack_featured_media_url":"https:\/\/www.redenoticia.com.br\/noticia\/imagens\/analise-economia.jpg","jetpack_sharing_enabled":true,"jetpack_likes_enabled":true,"_links":{"self":[{"href":"https:\/\/www.redenoticia.com.br\/noticia\/wp-json\/wp\/v2\/posts\/67667","targetHints":{"allow":["GET"]}}],"collection":[{"href":"https:\/\/www.redenoticia.com.br\/noticia\/wp-json\/wp\/v2\/posts"}],"about":[{"href":"https:\/\/www.redenoticia.com.br\/noticia\/wp-json\/wp\/v2\/types\/post"}],"author":[{"embeddable":true,"href":"https:\/\/www.redenoticia.com.br\/noticia\/wp-json\/wp\/v2\/users\/2"}],"replies":[{"embeddable":true,"href":"https:\/\/www.redenoticia.com.br\/noticia\/wp-json\/wp\/v2\/comments?post=67667"}],"version-history":[{"count":0,"href":"https:\/\/www.redenoticia.com.br\/noticia\/wp-json\/wp\/v2\/posts\/67667\/revisions"}],"wp:featuredmedia":[{"embeddable":true,"href":"https:\/\/www.redenoticia.com.br\/noticia\/wp-json\/wp\/v2\/media\/57585"}],"wp:attachment":[{"href":"https:\/\/www.redenoticia.com.br\/noticia\/wp-json\/wp\/v2\/media?parent=67667"}],"wp:term":[{"taxonomy":"category","embeddable":true,"href":"https:\/\/www.redenoticia.com.br\/noticia\/wp-json\/wp\/v2\/categories?post=67667"},{"taxonomy":"post_tag","embeddable":true,"href":"https:\/\/www.redenoticia.com.br\/noticia\/wp-json\/wp\/v2\/tags?post=67667"}],"curies":[{"name":"wp","href":"https:\/\/api.w.org\/{rel}","templated":true}]}}