{"id":67665,"date":"2015-03-12T14:58:04","date_gmt":"2015-03-12T17:58:04","guid":{"rendered":"http:\/\/www.redenoticia.com.br\/noticia\/?p=67665"},"modified":"2015-03-12T14:58:04","modified_gmt":"2015-03-12T17:58:04","slug":"cartao-de-credito-cobra-a-maior-taxa-de-juros-desde-julho-de-1999","status":"publish","type":"post","link":"https:\/\/www.redenoticia.com.br\/noticia\/2015\/cartao-de-credito-cobra-a-maior-taxa-de-juros-desde-julho-de-1999\/67665","title":{"rendered":"Cart\u00e3o de cr\u00e9dito cobra a maior taxa de juros desde julho de 1999"},"content":{"rendered":"<p> As taxas de juros para pessoa f\u00edsica e jur\u00eddica voltaram a subir no m\u00eas passado, segundo levantamento divulgado pela Associa\u00e7\u00e3o Nacional de Executivos de Finan\u00e7as, Administra\u00e7\u00e3o e Contabilidade. Todas as seis linhas de cr\u00e9dito pesquisadas para pessoa f\u00edsica sofreram eleva\u00e7\u00e3o: juros do com\u00e9rcio, de 4,9% ao m\u00eas em janeiro, para 5,1% em fevereiro, e <strong><em>cart\u00e3o de cr\u00e9dito<\/em><\/strong>, de 11,2% para 11,6%, a maior taxa desde julho de 1999.<\/p>\n<p>Apresentaram eleva\u00e7\u00e3o tamb\u00e9m o cr\u00e9dito direto ao consumidor (de 1,9% para 1,99%), empr\u00e9stimo pessoal dos bancos (de 3,7% para 3,9%) e empr\u00e9stimo pessoal por financeira (de 7,4% para 7,5%).<\/p>\n<p>O cheque especial subiu de 9,1% para 9,4%, o maior desde julho de 2003. Na m\u00e9dia, a taxa de juros para pessoa f\u00edsica ficou em 6,6% em fevereiro, a maior desde novembro de 2011.<\/p>\n<p>As tr\u00eas linhas de cr\u00e9dito pesquisadas para pessoas jur\u00eddicas tiveram alta em fevereiro. O desconto de duplicatas (de 2,6% ao m\u00eas, em janeiro, para 2,69% em fevereiro); conta garantida (de 6,2% para 6,3%, a maior taxa desde janeiro de 2003). O capital de giro subiu de 2,1% para 2,15%. Na m\u00e9dia, a taxa de juros para empresas, em fevereiro, ficou em 3,7%, a maior desde janeiro de 2012.<\/p>\n<p>Bruno Bocchini &#8211; Rep\u00f3rter da Ag\u00eancia Brasil<br \/>\nEdi\u00e7\u00e3o: Beto Coura<\/p>\n","protected":false},"excerpt":{"rendered":"<p>As taxas de juros para pessoa f\u00edsica e jur\u00eddica voltaram a subir no m\u00eas passado, segundo levantamento divulgado pela Associa\u00e7\u00e3o Nacional de Executivos de Finan\u00e7as, Administra\u00e7\u00e3o e Contabilidade. Todas as seis linhas de cr\u00e9dito pesquisadas para pessoa f\u00edsica sofreram eleva\u00e7\u00e3o: juros do com\u00e9rcio, de 4,9% ao m\u00eas em janeiro, para 5,1% em fevereiro, e cart\u00e3o [&hellip;]<\/p>\n","protected":false},"author":2,"featured_media":35203,"comment_status":"open","ping_status":"closed","sticky":false,"template":"","format":"standard","meta":{"_genesis_hide_title":false,"_genesis_hide_breadcrumbs":false,"_genesis_hide_singular_image":false,"_genesis_hide_footer_widgets":false,"_genesis_custom_body_class":"","_genesis_custom_post_class":"","_genesis_layout":"","_jetpack_memberships_contains_paid_content":false,"footnotes":""},"categories":[22,7],"tags":[],"class_list":{"0":"post-67665","1":"post","2":"type-post","3":"status-publish","4":"format-standard","5":"has-post-thumbnail","7":"category-brasil","8":"category-economia","9":"entry","10":"gs-1","11":"gs-odd","12":"gs-even","13":"gs-featured-content-entry"},"jetpack_featured_media_url":"https:\/\/www.redenoticia.com.br\/noticia\/imagens\/cartao-credito.jpg","jetpack_sharing_enabled":true,"jetpack_likes_enabled":true,"_links":{"self":[{"href":"https:\/\/www.redenoticia.com.br\/noticia\/wp-json\/wp\/v2\/posts\/67665","targetHints":{"allow":["GET"]}}],"collection":[{"href":"https:\/\/www.redenoticia.com.br\/noticia\/wp-json\/wp\/v2\/posts"}],"about":[{"href":"https:\/\/www.redenoticia.com.br\/noticia\/wp-json\/wp\/v2\/types\/post"}],"author":[{"embeddable":true,"href":"https:\/\/www.redenoticia.com.br\/noticia\/wp-json\/wp\/v2\/users\/2"}],"replies":[{"embeddable":true,"href":"https:\/\/www.redenoticia.com.br\/noticia\/wp-json\/wp\/v2\/comments?post=67665"}],"version-history":[{"count":0,"href":"https:\/\/www.redenoticia.com.br\/noticia\/wp-json\/wp\/v2\/posts\/67665\/revisions"}],"wp:featuredmedia":[{"embeddable":true,"href":"https:\/\/www.redenoticia.com.br\/noticia\/wp-json\/wp\/v2\/media\/35203"}],"wp:attachment":[{"href":"https:\/\/www.redenoticia.com.br\/noticia\/wp-json\/wp\/v2\/media?parent=67665"}],"wp:term":[{"taxonomy":"category","embeddable":true,"href":"https:\/\/www.redenoticia.com.br\/noticia\/wp-json\/wp\/v2\/categories?post=67665"},{"taxonomy":"post_tag","embeddable":true,"href":"https:\/\/www.redenoticia.com.br\/noticia\/wp-json\/wp\/v2\/tags?post=67665"}],"curies":[{"name":"wp","href":"https:\/\/api.w.org\/{rel}","templated":true}]}}