{"id":67609,"date":"2015-03-11T16:24:08","date_gmt":"2015-03-11T19:24:08","guid":{"rendered":"http:\/\/www.redenoticia.com.br\/noticia\/?p=67609"},"modified":"2015-03-11T16:24:08","modified_gmt":"2015-03-11T19:24:08","slug":"taxa-de-cambio-e-fator-negativo-para-investimentos-de-42-das-empresas","status":"publish","type":"post","link":"https:\/\/www.redenoticia.com.br\/noticia\/2015\/taxa-de-cambio-e-fator-negativo-para-investimentos-de-42-das-empresas\/67609","title":{"rendered":"Taxa de c\u00e2mbio \u00e9 fator negativo para investimentos de 42% das empresas"},"content":{"rendered":"<p> Pesquisa divulgada pelo Instituto Brasileiro de Economia (Ibre) da Funda\u00e7\u00e3o Getulio Vargas (FGV) revela que 42% das empresas consultadas consideram a <strong><em>taxa de c\u00e2mbio<\/em><\/strong> fator negativo para investimentos neste ano e 19% acham que essa taxa \u00e9 positiva.<\/p>\n<p>A Sondagem de Investimentos da Ind\u00fastria para o primeiro trimestre deste ano foi feita ao longo do bimestre janeiro-fevereiro e contou com a participa\u00e7\u00e3o de 669 empresas.<\/p>\n<p>O resultado \u00e9 mais pessimista que as avalia\u00e7\u00f5es feitas no primeiro trimestre de 2014 para este ano, mas similar \u00e0s feitas este ano em rela\u00e7\u00e3o \u00e0 influ\u00eancia do c\u00e2mbio sobre os investimentos no ano passado.<\/p>\n<p>O n\u00edvel de demanda externa foi considerado uma influ\u00eancia positiva para realiza\u00e7\u00e3o de investimentos por 23% das empresas e negativa por 17%. Para 2014, as avalia\u00e7\u00f5es haviam sido de influ\u00eancia positiva para 21% das empresas e negativa para 18%.<\/p>\n<p>A Sondagem de Investimentos da Ind\u00fastria \u00e9 um levantamento estat\u00edstico que d\u00e1 indica\u00e7\u00f5es sobre o rumo dos investimentos produtivos. A edi\u00e7\u00e3o do primeiro trimestre deste ano coletou informa\u00e7\u00f5es de  empresas entre 12 de janeiro e 27 de fevereiro deste ano.<\/p>\n<p>A pr\u00f3xima divulga\u00e7\u00e3o da Sondagem de Investimentos ocorrer\u00e1 em 12 de junho deste ano.<\/p>\n<p>Nielmar de Oliveira &#8211; Rep\u00f3rter da Ag\u00eancia Brasil<br \/>\nEdi\u00e7\u00e3o: Jos\u00e9 Romildo<\/p>\n","protected":false},"excerpt":{"rendered":"<p>Pesquisa divulgada pelo Instituto Brasileiro de Economia (Ibre) da Funda\u00e7\u00e3o Getulio Vargas (FGV) revela que 42% das empresas consultadas consideram a taxa de c\u00e2mbio fator negativo para investimentos neste ano e 19% acham que essa taxa \u00e9 positiva. A Sondagem de Investimentos da Ind\u00fastria para o primeiro trimestre deste ano foi feita ao longo do [&hellip;]<\/p>\n","protected":false},"author":2,"featured_media":57584,"comment_status":"open","ping_status":"closed","sticky":false,"template":"","format":"standard","meta":{"_genesis_hide_title":false,"_genesis_hide_breadcrumbs":false,"_genesis_hide_singular_image":false,"_genesis_hide_footer_widgets":false,"_genesis_custom_body_class":"","_genesis_custom_post_class":"","_genesis_layout":"","_jetpack_memberships_contains_paid_content":false,"footnotes":""},"categories":[22,7],"tags":[],"class_list":{"0":"post-67609","1":"post","2":"type-post","3":"status-publish","4":"format-standard","5":"has-post-thumbnail","7":"category-brasil","8":"category-economia","9":"entry","10":"gs-1","11":"gs-odd","12":"gs-even","13":"gs-featured-content-entry"},"jetpack_featured_media_url":"https:\/\/www.redenoticia.com.br\/noticia\/imagens\/economia-grafica-analise-inflacao.jpg","jetpack_sharing_enabled":true,"jetpack_likes_enabled":true,"_links":{"self":[{"href":"https:\/\/www.redenoticia.com.br\/noticia\/wp-json\/wp\/v2\/posts\/67609","targetHints":{"allow":["GET"]}}],"collection":[{"href":"https:\/\/www.redenoticia.com.br\/noticia\/wp-json\/wp\/v2\/posts"}],"about":[{"href":"https:\/\/www.redenoticia.com.br\/noticia\/wp-json\/wp\/v2\/types\/post"}],"author":[{"embeddable":true,"href":"https:\/\/www.redenoticia.com.br\/noticia\/wp-json\/wp\/v2\/users\/2"}],"replies":[{"embeddable":true,"href":"https:\/\/www.redenoticia.com.br\/noticia\/wp-json\/wp\/v2\/comments?post=67609"}],"version-history":[{"count":0,"href":"https:\/\/www.redenoticia.com.br\/noticia\/wp-json\/wp\/v2\/posts\/67609\/revisions"}],"wp:featuredmedia":[{"embeddable":true,"href":"https:\/\/www.redenoticia.com.br\/noticia\/wp-json\/wp\/v2\/media\/57584"}],"wp:attachment":[{"href":"https:\/\/www.redenoticia.com.br\/noticia\/wp-json\/wp\/v2\/media?parent=67609"}],"wp:term":[{"taxonomy":"category","embeddable":true,"href":"https:\/\/www.redenoticia.com.br\/noticia\/wp-json\/wp\/v2\/categories?post=67609"},{"taxonomy":"post_tag","embeddable":true,"href":"https:\/\/www.redenoticia.com.br\/noticia\/wp-json\/wp\/v2\/tags?post=67609"}],"curies":[{"name":"wp","href":"https:\/\/api.w.org\/{rel}","templated":true}]}}